{"id":26421,"date":"2022-11-14T17:56:59","date_gmt":"2022-11-14T22:56:59","guid":{"rendered":"http:\/\/www.perupesquero.org\/web\/?p=26421"},"modified":"2022-11-14T18:16:42","modified_gmt":"2022-11-14T23:16:42","slug":"chimbote-pescadores-de-menor-escala-y-artesanales-acataran-paro-por-ley-196-que-emitio-congreso-peruano","status":"publish","type":"post","link":"http:\/\/www.perupesquero.org\/web\/chimbote-pescadores-de-menor-escala-y-artesanales-acataran-paro-por-ley-196-que-emitio-congreso-peruano\/","title":{"rendered":"Chimbote: Pescadores de menor escala y artesanales acatar\u00e1n paro por Ley 196 que emiti\u00f3 congreso peruano"},"content":{"rendered":"\n<p>\u201cDel mar a la ciudad\u201d. Los pescadores del puerto de Chimbote decidieron ma\u00f1ana 15 de noviembre, paralizar sus actividades extractivas como se\u00f1al de protesta contra la Ley 196, promovida por el congreso del Per\u00fa y que buscar\u00eda criminalizar sus actividades.<\/p>\n\n\n\n<p>Joaqu\u00edn Cruz Navarro, dirigente del gremio de pescadores de menor escala y artesanales del puerto de Chimbote dijo a Perupesquero,\u00a0que dicha norma no solo limita sus actividades, sino que, de un plumazo recorta el derecho al trabajo, adem\u00e1s involucra a una actividad ancestral en actos delictivos.<\/p>\n\n\n\n<p>\u201cNo somos delincuentes, somos pescadores que trabajamos a sol y sombra, enfrent\u00e1ndonos a la bravura del mar para extraer el pescado que alimenta a la mesa popular chimbotana y tambi\u00e9n al consumo humano, conserva, corte primario y seco salado, pero eso no le importa a este congreso que escucha solo a las Ongs, pero a los pescadores no, \u00bfacaso por qu\u00e9 no repartimos plata como las transnacionales?, sostuvo Cruz Navarro.<\/p>\n\n\n\n<p>El paro ser\u00e1 a nivel de la regi\u00f3n de Ancash que, incluye Casma y Huarmey sostuvo. Transcendi\u00f3 que, la acci\u00f3n de fuerza se iniciar\u00e1 a las 9 de la ma\u00f1ana en la plaza 28 de julio de Chimbote para luego movilizarse por toda la ciudad y bloquear las v\u00edas de ingreso a toda la regi\u00f3n&nbsp;<em>\u201cEs una medida de fuerza porque la mayor\u00eda somos pescadores\u201d,&nbsp;<\/em>se\u00f1al\u00f3 el dirigente.<\/p>\n\n\n\n<p>Somos pescadores y queremos que, en nuestro pa\u00eds exista la democracia; sin embargo, al saber que este congreso quiere destruirnos, dejarnos sin empleo y matar de hambre a nuestras familias y a las familias de los 30 millones de peruanos, entonces con mucha raz\u00f3n le decimos al gobierno por qu\u00e9 no lo cierra. No aceptamos que, un grupo de \u201cperuanos\u201d traicionen una actividad ancestral e hist\u00f3rica como es la pesca artesanal y menor escala, \u00bfd\u00f3nde qued\u00f3 su compromiso de reactivar la pesquer\u00eda nacional?, finaliz\u00f3 Cruz Navarro. &nbsp;<\/p>\n\n\n\n<p>\u201cTodos vamos a salir a respaldar este paro\u201d<\/p>\n\n\n\n<p>La medida contar\u00e1 con la participaci\u00f3n de las mujeres fileteras, comercializadores, conserveras, estibadores, armadores, due\u00f1os de c\u00e1maras y amas de casa. Actores que, se comprometieron a respaldar el paro y rechazar tajantemente el proyecto Ley 196, que criminaliza a los pescadores artesanales peruanos.<\/p>\n","protected":false},"excerpt":{"rendered":"<p>\u201cDel mar a la ciudad\u201d. Los pescadores del puerto de Chimbote decidieron ma\u00f1ana 15 de noviembre, paralizar sus actividades extractivas como se\u00f1al de protesta contra la Ley 196, promovida por el congreso del Per\u00fa y que buscar\u00eda criminalizar sus actividades. Joaqu\u00edn Cruz Navarro, dirigente del gremio de pescadores de menor escala y artesanales del puerto [&hellip;]<\/p>\n","protected":false},"author":2,"featured_media":26422,"comment_status":"open","ping_status":"open","sticky":false,"template":"","format":"standard","meta":{"footnotes":""},"categories":[63],"tags":[],"class_list":["post-26421","post","type-post","status-publish","format-standard","has-post-thumbnail","hentry","category-noticias"],"_links":{"self":[{"href":"http:\/\/www.perupesquero.org\/web\/wp-json\/wp\/v2\/posts\/26421","targetHints":{"allow":["GET"]}}],"collection":[{"href":"http:\/\/www.perupesquero.org\/web\/wp-json\/wp\/v2\/posts"}],"about":[{"href":"http:\/\/www.perupesquero.org\/web\/wp-json\/wp\/v2\/types\/post"}],"author":[{"embeddable":true,"href":"http:\/\/www.perupesquero.org\/web\/wp-json\/wp\/v2\/users\/2"}],"replies":[{"embeddable":true,"href":"http:\/\/www.perupesquero.org\/web\/wp-json\/wp\/v2\/comments?post=26421"}],"version-history":[{"count":2,"href":"http:\/\/www.perupesquero.org\/web\/wp-json\/wp\/v2\/posts\/26421\/revisions"}],"predecessor-version":[{"id":26424,"href":"http:\/\/www.perupesquero.org\/web\/wp-json\/wp\/v2\/posts\/26421\/revisions\/26424"}],"wp:featuredmedia":[{"embeddable":true,"href":"http:\/\/www.perupesquero.org\/web\/wp-json\/wp\/v2\/media\/26422"}],"wp:attachment":[{"href":"http:\/\/www.perupesquero.org\/web\/wp-json\/wp\/v2\/media?parent=26421"}],"wp:term":[{"taxonomy":"category","embeddable":true,"href":"http:\/\/www.perupesquero.org\/web\/wp-json\/wp\/v2\/categories?post=26421"},{"taxonomy":"post_tag","embeddable":true,"href":"http:\/\/www.perupesquero.org\/web\/wp-json\/wp\/v2\/tags?post=26421"}],"curies":[{"name":"wp","href":"https:\/\/api.w.org\/{rel}","templated":true}]}}