{"id":26416,"date":"2022-11-14T16:35:40","date_gmt":"2022-11-14T21:35:40","guid":{"rendered":"http:\/\/www.perupesquero.org\/web\/?p=26416"},"modified":"2022-11-14T16:38:11","modified_gmt":"2022-11-14T21:38:11","slug":"sechura-pescadores-artesanales-paralizan-este-15-de-noviembre-por-ley-que-busca-criminizarlos","status":"publish","type":"post","link":"http:\/\/www.perupesquero.org\/web\/sechura-pescadores-artesanales-paralizan-este-15-de-noviembre-por-ley-que-busca-criminizarlos\/","title":{"rendered":"Sechura: Pescadores artesanales paralizan este 15 de noviembre por Ley que busca criminizarlos"},"content":{"rendered":"\n<p>Ma\u00f1ana 15 de noviembre,&nbsp;los pescadores artesanales de Sechura paralizar\u00e1n sus labores contra la Ley 196 que criminaliza la labor del pescador artesanal, informaron a una radio piurana.<\/p>\n\n\n\n<p>Julio C\u00e9sar Fiestas Ruiz, presidente del gremio de pescadores artesanales de la caleta de Parachique, Sechura dijo\u00a0que han agotado el di\u00e1logo con las autoridades. Agreg\u00f3 que el 14 de octubre tuvieron una mesa t\u00e9cnica en el congreso donde los atendi\u00f3 el congresista Edgar Medina, presidente de la Comisi\u00f3n de Producci\u00f3n. Pidieron que el proyecto de Ley 196 no sea llevado al pleno, sin embargo, no fueron escuchados.<\/p>\n\n\n\n<p>\u201cHoy el Estado peruano nos arrincona cada d\u00eda a nuestro sector (\u2026) nosotros somos pescadores artesanales no delincuentes\u201d, dijo<\/p>\n\n\n\n<p>Se reunieron con las diferentes bases de las provincias de Sechura, Talara y Paita, sostuvo, por lo que el paro se declar\u00f3 a nivel provincial. Por su parte, en Sechura se bloquear\u00e1n las v\u00edas de ingreso a la ciudad, asimismo aseguran que se garantizar\u00e1 el orden p\u00fablico.&nbsp;<em>\u201cEs una medida de fuerza porque la mayor\u00eda somos pescadores\u201d,&nbsp;<\/em>se\u00f1ala Julio C\u00e9sar.<\/p>\n\n\n\n<p>\u201cTodos vamos a salir a respaldar este paro\u201d<\/p>\n\n\n\n<p>La medida contar\u00e1 con la participaci\u00f3n de las once bases pesqueras en Sechura, entre ellas los maricultores, pescadores que extraen pota, entre otros. A eso se le denomina ramas pesqueras, declara.&nbsp;\u201cNosotros tenemos que respaldar el derecho al reclamo de todas las familias\u201d.<\/p>\n\n\n\n<p>Aclar\u00f3 que la decisi\u00f3n est\u00e1 tomada para rechazar el proyecto ley 196 que criminaliza a los pescadores artesanales. Dicho proyecto a\u00fan no ha sido publicado en el Diario Oficial El Peruano debido a que no cuenta con la aprobaci\u00f3n del poder Ejecutivo.<\/p>\n\n\n\n<p>\u201cSomos miles de pescadores a nivel nacional, el sentir se refleja en todas las regiones\u201d,&nbsp;sostiene. En La Bocana, casi el 95% de habitantes se dedican a la pesca, cabe resaltar que no es la primera vez que Parachique asiste a un paro. En este caso tambi\u00e9n contar\u00e1n con el respaldo de Sechura, Vice, Becara, Letira, entre otros lugares que se dedican a la pesca.<\/p>\n\n\n\n<p>Fuente: Radio Cutivalu<\/p>\n","protected":false},"excerpt":{"rendered":"<p>Ma\u00f1ana 15 de noviembre,&nbsp;los pescadores artesanales de Sechura paralizar\u00e1n sus labores contra la Ley 196 que criminaliza la labor del pescador artesanal, informaron a una radio piurana. Julio C\u00e9sar Fiestas Ruiz, presidente del gremio de pescadores artesanales de la caleta de Parachique, Sechura dijo\u00a0que han agotado el di\u00e1logo con las autoridades. Agreg\u00f3 que el 14 [&hellip;]<\/p>\n","protected":false},"author":2,"featured_media":26418,"comment_status":"open","ping_status":"open","sticky":false,"template":"","format":"standard","meta":{"footnotes":""},"categories":[63],"tags":[],"class_list":["post-26416","post","type-post","status-publish","format-standard","has-post-thumbnail","hentry","category-noticias"],"_links":{"self":[{"href":"http:\/\/www.perupesquero.org\/web\/wp-json\/wp\/v2\/posts\/26416","targetHints":{"allow":["GET"]}}],"collection":[{"href":"http:\/\/www.perupesquero.org\/web\/wp-json\/wp\/v2\/posts"}],"about":[{"href":"http:\/\/www.perupesquero.org\/web\/wp-json\/wp\/v2\/types\/post"}],"author":[{"embeddable":true,"href":"http:\/\/www.perupesquero.org\/web\/wp-json\/wp\/v2\/users\/2"}],"replies":[{"embeddable":true,"href":"http:\/\/www.perupesquero.org\/web\/wp-json\/wp\/v2\/comments?post=26416"}],"version-history":[{"count":2,"href":"http:\/\/www.perupesquero.org\/web\/wp-json\/wp\/v2\/posts\/26416\/revisions"}],"predecessor-version":[{"id":26420,"href":"http:\/\/www.perupesquero.org\/web\/wp-json\/wp\/v2\/posts\/26416\/revisions\/26420"}],"wp:featuredmedia":[{"embeddable":true,"href":"http:\/\/www.perupesquero.org\/web\/wp-json\/wp\/v2\/media\/26418"}],"wp:attachment":[{"href":"http:\/\/www.perupesquero.org\/web\/wp-json\/wp\/v2\/media?parent=26416"}],"wp:term":[{"taxonomy":"category","embeddable":true,"href":"http:\/\/www.perupesquero.org\/web\/wp-json\/wp\/v2\/categories?post=26416"},{"taxonomy":"post_tag","embeddable":true,"href":"http:\/\/www.perupesquero.org\/web\/wp-json\/wp\/v2\/tags?post=26416"}],"curies":[{"name":"wp","href":"https:\/\/api.w.org\/{rel}","templated":true}]}}