{"id":26270,"date":"2022-09-25T20:29:33","date_gmt":"2022-09-26T01:29:33","guid":{"rendered":"http:\/\/www.perupesquero.org\/web\/?p=26270"},"modified":"2022-09-25T20:29:34","modified_gmt":"2022-09-26T01:29:34","slug":"cuidado-oleajes-anomalos-en-el-mar-peruano-desde-el-25-al-29-de-setiembre","status":"publish","type":"post","link":"http:\/\/www.perupesquero.org\/web\/cuidado-oleajes-anomalos-en-el-mar-peruano-desde-el-25-al-29-de-setiembre\/","title":{"rendered":"\u00a1Cuidado! Oleajes an\u00f3malos en el mar peruano desde el 25 al 29 de setiembre"},"content":{"rendered":"\n<p>El Instituto Nacional de Defensa Civil (INDECI) recomienda medidas de preparaci\u00f3n ante el Aviso Oceanogr\u00e1fico Especial N.\u00ba 79, emitido por la Direcci\u00f3n de Hidrograf\u00eda y Navegaci\u00f3n (DHN) de la Marina de Guerra del Per\u00fa, que informa sobre ocurrencia de oleajes de ligera a moderada intensidad en todo el litoral, desde el domingo 25 al jueves 29 de setiembre.<\/p>\n\n\n\n<p>De acuerdo a dicho comunicado, se prev\u00e9 que este fen\u00f3meno ocurra de forma ligera en la costa norte y sur hasta el 28 de setiembre.<\/p>\n\n\n\n<p>Por otro lado, en el litoral centro, los oleajes ligeros iniciar\u00edan la madrugada del domingo 25, mientras que, entre Cerro Azul y San Juan, este fen\u00f3meno se incrementar\u00e1 a moderado desde la noche del domingo 25 y disminuir\u00eda a ligero durante la noche del lunes 26 de setiembre.<\/p>\n\n\n\n<p>Ante esta situaci\u00f3n, el INDECI exhorta a las autoridades regionales y locales orientar a la poblaci\u00f3n en cuanto a medidas de protecci\u00f3n espec\u00edficas, evitando exponerse a este fen\u00f3meno para prevenir accidentes y\/o da\u00f1os personales y materiales.<\/p>\n\n\n\n<p>Asimismo, se recomienda suspender las actividades portuarias y de pesca, as\u00ed como asegurar las embarcaciones y\/o retirar las flotas peque\u00f1as hacia tierra firme. Adem\u00e1s, se debe evitar actividades deportivas y recreativas durante el periodo de oleaje, as\u00ed como campamentos cerca de las zonas de playa.<\/p>\n\n\n\n<p>El INDECI, a trav\u00e9s del Centro de Operaciones de Emergencia Nacional (COEN), monitorea los departamentos del litoral peruano en coordinaci\u00f3n con las oficinas de Gesti\u00f3n del Riesgo de Desastres y la DHN, con la finalidad de brindar informaci\u00f3n a las autoridades y poblaci\u00f3n en general sobre los eventos que se presenten.<\/p>\n\n\n\n<p>Nota de prensa INDECI<\/p>\n","protected":false},"excerpt":{"rendered":"<p>El Instituto Nacional de Defensa Civil (INDECI) recomienda medidas de preparaci\u00f3n ante el Aviso Oceanogr\u00e1fico Especial N.\u00ba 79, emitido por la Direcci\u00f3n de Hidrograf\u00eda y Navegaci\u00f3n (DHN) de la Marina de Guerra del Per\u00fa, que informa sobre ocurrencia de oleajes de ligera a moderada intensidad en todo el litoral, desde el domingo 25 al jueves [&hellip;]<\/p>\n","protected":false},"author":2,"featured_media":26271,"comment_status":"open","ping_status":"open","sticky":false,"template":"","format":"standard","meta":{"footnotes":""},"categories":[63],"tags":[],"class_list":["post-26270","post","type-post","status-publish","format-standard","has-post-thumbnail","hentry","category-noticias"],"_links":{"self":[{"href":"http:\/\/www.perupesquero.org\/web\/wp-json\/wp\/v2\/posts\/26270","targetHints":{"allow":["GET"]}}],"collection":[{"href":"http:\/\/www.perupesquero.org\/web\/wp-json\/wp\/v2\/posts"}],"about":[{"href":"http:\/\/www.perupesquero.org\/web\/wp-json\/wp\/v2\/types\/post"}],"author":[{"embeddable":true,"href":"http:\/\/www.perupesquero.org\/web\/wp-json\/wp\/v2\/users\/2"}],"replies":[{"embeddable":true,"href":"http:\/\/www.perupesquero.org\/web\/wp-json\/wp\/v2\/comments?post=26270"}],"version-history":[{"count":1,"href":"http:\/\/www.perupesquero.org\/web\/wp-json\/wp\/v2\/posts\/26270\/revisions"}],"predecessor-version":[{"id":26272,"href":"http:\/\/www.perupesquero.org\/web\/wp-json\/wp\/v2\/posts\/26270\/revisions\/26272"}],"wp:featuredmedia":[{"embeddable":true,"href":"http:\/\/www.perupesquero.org\/web\/wp-json\/wp\/v2\/media\/26271"}],"wp:attachment":[{"href":"http:\/\/www.perupesquero.org\/web\/wp-json\/wp\/v2\/media?parent=26270"}],"wp:term":[{"taxonomy":"category","embeddable":true,"href":"http:\/\/www.perupesquero.org\/web\/wp-json\/wp\/v2\/categories?post=26270"},{"taxonomy":"post_tag","embeddable":true,"href":"http:\/\/www.perupesquero.org\/web\/wp-json\/wp\/v2\/tags?post=26270"}],"curies":[{"name":"wp","href":"https:\/\/api.w.org\/{rel}","templated":true}]}}