{"id":26229,"date":"2022-09-12T13:28:48","date_gmt":"2022-09-12T18:28:48","guid":{"rendered":"http:\/\/www.perupesquero.org\/web\/?p=26229"},"modified":"2022-09-12T13:28:49","modified_gmt":"2022-09-12T18:28:49","slug":"peru-por-promover-la-convemar-denuncian-por-traicion-a-la-patria-a-canciller-rodriguez-mackay%ef%bf%bc","status":"publish","type":"post","link":"http:\/\/www.perupesquero.org\/web\/peru-por-promover-la-convemar-denuncian-por-traicion-a-la-patria-a-canciller-rodriguez-mackay%ef%bf%bc\/","title":{"rendered":"Per\u00fa: Por promover la CONVEMAR denuncian por Traici\u00f3n a la Patria a canciller Rodr\u00edguez Mackay\ufffc"},"content":{"rendered":"\n<p>Promover que el Per\u00fa se adhiera a la CONVEMAR, le cost\u00f3 muy caro al canciller de Relaciones Exteriores,\u00a0Miguel Rodr\u00edguez Mackay,\u00a0que tras ser cuestionado y rechazado por la poblaci\u00f3n peruana y luego objetado por el Jefe de Estado, Pedro Castillo, renunci\u00f3 irrevocablemente al cargo de ministro.<\/p>\n\n\n\n<p>Al respecto, la congresista Margot Palacios, present\u00f3 una&nbsp;<a href=\"https:\/\/larepublica.pe\/politica\/gobierno\/2022\/09\/11\/miguel-rodriguez-mackay-presentan-denuncia-por-traicion-a-la-patria-contra-saliente-canciller-congreso\/\">denuncia constitucional por Traici\u00f3n a la Patria contra el canciller renunciante.&nbsp;<\/a>El documento est\u00e1 dirigido a la presidenta de la Subcomisi\u00f3n de Acusaciones Constitucionales, la apepista Ros\u00edo Torres.<\/p>\n\n\n\n<p>En el oficio, la congresista de la bancada de Per\u00fa Libre precis\u00f3 que&nbsp;Rodr\u00edguez Mackay cometi\u00f3 dicho il\u00edcito por violar el art\u00edculo 325 del C\u00f3digo Penal.&nbsp;Esto luego de que el saliente canciller expresara en una convenci\u00f3n internacional sus intenciones de hacer que el Per\u00fa firme \u201cla Convenci\u00f3n del Mar de la Organizaci\u00f3n de las Naciones Unidas\u201d.<\/p>\n","protected":false},"excerpt":{"rendered":"<p>Promover que el Per\u00fa se adhiera a la CONVEMAR, le cost\u00f3 muy caro al canciller de Relaciones Exteriores,\u00a0Miguel Rodr\u00edguez Mackay,\u00a0que tras ser cuestionado y rechazado por la poblaci\u00f3n peruana y luego objetado por el Jefe de Estado, Pedro Castillo, renunci\u00f3 irrevocablemente al cargo de ministro. Al respecto, la congresista Margot Palacios, present\u00f3 una&nbsp;denuncia constitucional por [&hellip;]<\/p>\n","protected":false},"author":2,"featured_media":26230,"comment_status":"open","ping_status":"open","sticky":false,"template":"","format":"standard","meta":{"footnotes":""},"categories":[63],"tags":[],"class_list":["post-26229","post","type-post","status-publish","format-standard","has-post-thumbnail","hentry","category-noticias"],"_links":{"self":[{"href":"http:\/\/www.perupesquero.org\/web\/wp-json\/wp\/v2\/posts\/26229","targetHints":{"allow":["GET"]}}],"collection":[{"href":"http:\/\/www.perupesquero.org\/web\/wp-json\/wp\/v2\/posts"}],"about":[{"href":"http:\/\/www.perupesquero.org\/web\/wp-json\/wp\/v2\/types\/post"}],"author":[{"embeddable":true,"href":"http:\/\/www.perupesquero.org\/web\/wp-json\/wp\/v2\/users\/2"}],"replies":[{"embeddable":true,"href":"http:\/\/www.perupesquero.org\/web\/wp-json\/wp\/v2\/comments?post=26229"}],"version-history":[{"count":1,"href":"http:\/\/www.perupesquero.org\/web\/wp-json\/wp\/v2\/posts\/26229\/revisions"}],"predecessor-version":[{"id":26231,"href":"http:\/\/www.perupesquero.org\/web\/wp-json\/wp\/v2\/posts\/26229\/revisions\/26231"}],"wp:featuredmedia":[{"embeddable":true,"href":"http:\/\/www.perupesquero.org\/web\/wp-json\/wp\/v2\/media\/26230"}],"wp:attachment":[{"href":"http:\/\/www.perupesquero.org\/web\/wp-json\/wp\/v2\/media?parent=26229"}],"wp:term":[{"taxonomy":"category","embeddable":true,"href":"http:\/\/www.perupesquero.org\/web\/wp-json\/wp\/v2\/categories?post=26229"},{"taxonomy":"post_tag","embeddable":true,"href":"http:\/\/www.perupesquero.org\/web\/wp-json\/wp\/v2\/tags?post=26229"}],"curies":[{"name":"wp","href":"https:\/\/api.w.org\/{rel}","templated":true}]}}