{"id":26182,"date":"2022-09-04T22:06:17","date_gmt":"2022-09-05T03:06:17","guid":{"rendered":"http:\/\/www.perupesquero.org\/web\/?p=26182"},"modified":"2022-09-04T22:06:18","modified_gmt":"2022-09-05T03:06:18","slug":"eivissa-tendra-la-primera-red-de-mujeres-de-pesca-de-baleares","status":"publish","type":"post","link":"http:\/\/www.perupesquero.org\/web\/eivissa-tendra-la-primera-red-de-mujeres-de-pesca-de-baleares\/","title":{"rendered":"Eivissa tendr\u00e1 la primera Red de Mujeres de Pesca de Baleares"},"content":{"rendered":"\n<p>Eivissa tendr\u00e1 a partir de este mismo mes de septiembre la primera Red de Mujeres de Pesca de las Islas Baleares.<\/p>\n\n\n\n<p>As\u00ed lo ha anunciado este s\u00e1bado la consellera balear de Agricultura, Pesca y Alimentaci\u00f3n, Mae de la Concha, en una mesa redonda sobre el papel de la mujer en la pesca celebrada en el Teatro Espa\u00f1a, en Santa Eul\u00e0ria, en el marco del centenario de la Cofrad\u00eda de Pescadores de Eivissa.<\/p>\n\n\n\n<p>Esta red de mujeres, la primera de Baleares, se enmarca dentro de los planes de igualdad del Ministerio de Agricultura, Pesca y Alimentaci\u00f3n y de Igualdad.<\/p>\n\n\n\n<p>El hecho de que se cree en Eivissa se debe, seg\u00fan la consellera, a que es donde \u201cse han movilizado m\u00e1s\u201d y donde hay un porcentaje \u201cm\u00e1s elevado\u201d de mujeres trabajando.<\/p>\n\n\n\n<p>Uno de los objetivos de esta asociaci\u00f3n es aumentar la presencia de la mujer dentro del sector pesquero.<\/p>\n\n\n\n<p>La consellera ha recordado que la pesca es, dentro del sector primario, \u201cdonde la mujer tiene menos presencia reconocida, a pesar de que siempre ha estado presente\u201d.<\/p>\n\n\n\n<p>Seg\u00fan datos del censo de 2019, un 2 % de las tripulaciones y un 5 % en los cursos de FP de pesca son mujeres. <\/p>\n\n\n\n<p>Fuente: EFE<\/p>\n","protected":false},"excerpt":{"rendered":"<p>Eivissa tendr\u00e1 a partir de este mismo mes de septiembre la primera Red de Mujeres de Pesca de las Islas Baleares. As\u00ed lo ha anunciado este s\u00e1bado la consellera balear de Agricultura, Pesca y Alimentaci\u00f3n, Mae de la Concha, en una mesa redonda sobre el papel de la mujer en la pesca celebrada en el [&hellip;]<\/p>\n","protected":false},"author":2,"featured_media":26183,"comment_status":"open","ping_status":"open","sticky":false,"template":"","format":"standard","meta":{"footnotes":""},"categories":[63],"tags":[],"class_list":["post-26182","post","type-post","status-publish","format-standard","has-post-thumbnail","hentry","category-noticias"],"_links":{"self":[{"href":"http:\/\/www.perupesquero.org\/web\/wp-json\/wp\/v2\/posts\/26182","targetHints":{"allow":["GET"]}}],"collection":[{"href":"http:\/\/www.perupesquero.org\/web\/wp-json\/wp\/v2\/posts"}],"about":[{"href":"http:\/\/www.perupesquero.org\/web\/wp-json\/wp\/v2\/types\/post"}],"author":[{"embeddable":true,"href":"http:\/\/www.perupesquero.org\/web\/wp-json\/wp\/v2\/users\/2"}],"replies":[{"embeddable":true,"href":"http:\/\/www.perupesquero.org\/web\/wp-json\/wp\/v2\/comments?post=26182"}],"version-history":[{"count":1,"href":"http:\/\/www.perupesquero.org\/web\/wp-json\/wp\/v2\/posts\/26182\/revisions"}],"predecessor-version":[{"id":26184,"href":"http:\/\/www.perupesquero.org\/web\/wp-json\/wp\/v2\/posts\/26182\/revisions\/26184"}],"wp:featuredmedia":[{"embeddable":true,"href":"http:\/\/www.perupesquero.org\/web\/wp-json\/wp\/v2\/media\/26183"}],"wp:attachment":[{"href":"http:\/\/www.perupesquero.org\/web\/wp-json\/wp\/v2\/media?parent=26182"}],"wp:term":[{"taxonomy":"category","embeddable":true,"href":"http:\/\/www.perupesquero.org\/web\/wp-json\/wp\/v2\/categories?post=26182"},{"taxonomy":"post_tag","embeddable":true,"href":"http:\/\/www.perupesquero.org\/web\/wp-json\/wp\/v2\/tags?post=26182"}],"curies":[{"name":"wp","href":"https:\/\/api.w.org\/{rel}","templated":true}]}}