{"id":26106,"date":"2022-08-30T20:00:29","date_gmt":"2022-08-31T01:00:29","guid":{"rendered":"http:\/\/www.perupesquero.org\/web\/?p=26106"},"modified":"2022-08-30T20:00:46","modified_gmt":"2022-08-31T01:00:46","slug":"argentina-y-uruguay-prohiben-pesca-de-calamar-y-del-pez-angel","status":"publish","type":"post","link":"http:\/\/www.perupesquero.org\/web\/argentina-y-uruguay-prohiben-pesca-de-calamar-y-del-pez-angel\/","title":{"rendered":"Argentina y Uruguay: Proh\u00edben pesca de calamar y del pez \u00e1ngel"},"content":{"rendered":"\n<p>La Comisi\u00f3n T\u00e9cnica Mixta del Frente Mar\u00edtimo prohibi\u00f3 este martes la pesca de calamar a partir del pr\u00f3ximo mi\u00e9rcoles 31 de agosto en la zona com\u00fan entre Argentina y Uruguay y estableci\u00f3 una captura total permisible (CTP) de 2.000 toneladas de la especie pez \u00e1ngel\/angelito para todo 2022.<\/p>\n\n\n\n<p>Las medidas se formalizaron a trav\u00e9s de dos resoluciones publicadas este martes en el Bolet\u00edn Oficial argentino y el Diario Oficial de Uruguay, ante \u201cla necesidad de adoptar medidas para la conservaci\u00f3n y racional explotaci\u00f3n\u201d de ambas especies.<\/p>\n\n\n\n<p>La resoluci\u00f3n 10 proh\u00edbe \u201cla pesca dirigida a la especie calamar (Illex argentinus) en la Zona Com\u00fan de Pesca a partir del 31 de agosto de 2022\u2033, y considera a una eventual transgresi\u00f3n a la norma como \u201cun incumplimiento grave\u201d.<\/p>\n\n\n\n<p>\u201cResulta necesario proteger las actuales concentraciones de ejemplares juveniles de la especie para la temporada extractiva 2023\u201d, explica sobre el calamar.<\/p>\n\n\n\n<p>La resoluci\u00f3n 11 limita la pesca de la especie pez \u00e1ngel\/angelito (Squatina guggenheim) hasta 2.000 toneladas, que se fijan en una habilitaci\u00f3n de 1.800 toneladas y en una \u201creserva administrativa\u201d de 200 toneladas, que la Comisi\u00f3n podr\u00e1 habilitar mediante resoluci\u00f3n fundada.<\/p>\n\n\n\n<p>La Comisi\u00f3n T\u00e9cnica Mixta compuesta por delegados de Argentina y Uruguay realiza estudios y adopta y coordina medidas relativas a la conservaci\u00f3n, preservaci\u00f3n y racional explotaci\u00f3n de los recursos vivos y a la protecci\u00f3n del medio marino en la zona de inter\u00e9s com\u00fan de pesca determinada m\u00e1s all\u00e1 de las doce millas marinas medidas desde las correspondientes l\u00edneas de base costeras.<\/p>\n\n\n\n<p>Fuente: EFE<\/p>\n","protected":false},"excerpt":{"rendered":"<p>La Comisi\u00f3n T\u00e9cnica Mixta del Frente Mar\u00edtimo prohibi\u00f3 este martes la pesca de calamar a partir del pr\u00f3ximo mi\u00e9rcoles 31 de agosto en la zona com\u00fan entre Argentina y Uruguay y estableci\u00f3 una captura total permisible (CTP) de 2.000 toneladas de la especie pez \u00e1ngel\/angelito para todo 2022. Las medidas se formalizaron a trav\u00e9s de [&hellip;]<\/p>\n","protected":false},"author":2,"featured_media":26107,"comment_status":"open","ping_status":"open","sticky":false,"template":"","format":"standard","meta":{"footnotes":""},"categories":[63],"tags":[],"class_list":["post-26106","post","type-post","status-publish","format-standard","has-post-thumbnail","hentry","category-noticias"],"_links":{"self":[{"href":"http:\/\/www.perupesquero.org\/web\/wp-json\/wp\/v2\/posts\/26106","targetHints":{"allow":["GET"]}}],"collection":[{"href":"http:\/\/www.perupesquero.org\/web\/wp-json\/wp\/v2\/posts"}],"about":[{"href":"http:\/\/www.perupesquero.org\/web\/wp-json\/wp\/v2\/types\/post"}],"author":[{"embeddable":true,"href":"http:\/\/www.perupesquero.org\/web\/wp-json\/wp\/v2\/users\/2"}],"replies":[{"embeddable":true,"href":"http:\/\/www.perupesquero.org\/web\/wp-json\/wp\/v2\/comments?post=26106"}],"version-history":[{"count":1,"href":"http:\/\/www.perupesquero.org\/web\/wp-json\/wp\/v2\/posts\/26106\/revisions"}],"predecessor-version":[{"id":26108,"href":"http:\/\/www.perupesquero.org\/web\/wp-json\/wp\/v2\/posts\/26106\/revisions\/26108"}],"wp:featuredmedia":[{"embeddable":true,"href":"http:\/\/www.perupesquero.org\/web\/wp-json\/wp\/v2\/media\/26107"}],"wp:attachment":[{"href":"http:\/\/www.perupesquero.org\/web\/wp-json\/wp\/v2\/media?parent=26106"}],"wp:term":[{"taxonomy":"category","embeddable":true,"href":"http:\/\/www.perupesquero.org\/web\/wp-json\/wp\/v2\/categories?post=26106"},{"taxonomy":"post_tag","embeddable":true,"href":"http:\/\/www.perupesquero.org\/web\/wp-json\/wp\/v2\/tags?post=26106"}],"curies":[{"name":"wp","href":"https:\/\/api.w.org\/{rel}","templated":true}]}}