{"id":26060,"date":"2022-08-22T17:16:57","date_gmt":"2022-08-22T22:16:57","guid":{"rendered":"http:\/\/www.perupesquero.org\/web\/?p=26060"},"modified":"2022-08-22T17:16:58","modified_gmt":"2022-08-22T22:16:58","slug":"expoamazonica-2022-mas-de-s-18-millones-en-negociaciones-entre-mipyme-y-gran-empresa","status":"publish","type":"post","link":"http:\/\/www.perupesquero.org\/web\/expoamazonica-2022-mas-de-s-18-millones-en-negociaciones-entre-mipyme-y-gran-empresa\/","title":{"rendered":"ExpoAmaz\u00f3nica \u2013 2022: M\u00e1s de S\/ 18 millones en negociaciones entre MIPYME y gran empresa"},"content":{"rendered":"\n<p>El Ministerio de la Producci\u00f3n, en articulaci\u00f3n con el Gobierno Regional de Amazonas, inaugur\u00f3 -este domingo 21- la Rueda de Negocios Nacional, en el marco de la Feria ExpoAmaz\u00f3nica Amazonas &#8211; 2022, realizada del 18 al 21 de agosto en la ciudad de Chachapoyas.<br><br>Es la segunda vez que este importante evento se desarrolla en Amazonas, para seguir impulsando el acceso a nuevos mercados de las micro, peque\u00f1as y medianas empresas \u2013 MIPYME\u00a0 que necesitan reactivar sus negocios.<br><br>El ministro de la Producci\u00f3n, Jorge Prado Palomino, sostuvo que la rueda de negocios se constituye en una herramienta clave, en esta edici\u00f3n de la Expo Amaz\u00f3nica, para fomentar la participaci\u00f3n y fortalecimiento de las MIPYME\u00a0 como clientes nacionales.\u00a0<\/p>\n\n\n\n<p>En ese sentido, el ministro Prado destac\u00f3 que se \u201cgeneraron negociaciones por m\u00e1s de S\/ 18 millones entre las MIPYME participantes y los compradores nacionales, superando la meta establecida de S\/ 3 millones\u201d, a\u00f1adi\u00f3.<br><br>Es preciso se\u00f1alar, que se realizaron 277 citas de negocios entre las m\u00e1s de 80 MIPYME participantes y los 17 compradores nacionales e internacionales como: Fusion Foods, Nutry Body, Trade Tecpro, Kahrs Gmbh, Coop. Agraria Villa Rica Golden Coffee, Ecoandino, Candela Per\u00fa, Jaguma &amp; Santy, entre otros.<br><br>Cabe indicar que, las empresas vendedoras corresponden a 10 regiones; y que m\u00e1s del 30% del total, tienen como conductor a una mujer, cifra que alienta y compromete al Estado a seguir trabajando con el fin de consolidar cada vez m\u00e1s la presencia y participaci\u00f3n de las emprendedoras y empresarias, en el \u00e1mbito econ\u00f3mico y social de nuestro pa\u00eds.<br><br>El evento ha cumplido con su objetivo de promover las potencialidades productivas y de servicios de las regiones participantes, destacando las siguientes l\u00edneas; caf\u00e9, cacao, chocolate, aceites esenciales, licores amaz\u00f3nicos, sal de maras amaz\u00f3nico, productos de limpieza, muebles de madera, conservas con alto valor nutritivo, turismo y hoteler\u00eda, de las regiones de Amazonas, San Mart\u00edn, Ucayali, Loreto, Hu\u00e1nuco, Madre de Dios, Lima, Ica, Jun\u00edn y Lambayeque, al mercado nacional e internacional.<\/p>\n\n\n\n<p>Nota de prensa Produce<\/p>\n","protected":false},"excerpt":{"rendered":"<p>El Ministerio de la Producci\u00f3n, en articulaci\u00f3n con el Gobierno Regional de Amazonas, inaugur\u00f3 -este domingo 21- la Rueda de Negocios Nacional, en el marco de la Feria ExpoAmaz\u00f3nica Amazonas &#8211; 2022, realizada del 18 al 21 de agosto en la ciudad de Chachapoyas. Es la segunda vez que este importante evento se desarrolla en [&hellip;]<\/p>\n","protected":false},"author":2,"featured_media":26061,"comment_status":"open","ping_status":"open","sticky":false,"template":"","format":"standard","meta":{"footnotes":""},"categories":[63],"tags":[],"class_list":["post-26060","post","type-post","status-publish","format-standard","has-post-thumbnail","hentry","category-noticias"],"_links":{"self":[{"href":"http:\/\/www.perupesquero.org\/web\/wp-json\/wp\/v2\/posts\/26060","targetHints":{"allow":["GET"]}}],"collection":[{"href":"http:\/\/www.perupesquero.org\/web\/wp-json\/wp\/v2\/posts"}],"about":[{"href":"http:\/\/www.perupesquero.org\/web\/wp-json\/wp\/v2\/types\/post"}],"author":[{"embeddable":true,"href":"http:\/\/www.perupesquero.org\/web\/wp-json\/wp\/v2\/users\/2"}],"replies":[{"embeddable":true,"href":"http:\/\/www.perupesquero.org\/web\/wp-json\/wp\/v2\/comments?post=26060"}],"version-history":[{"count":1,"href":"http:\/\/www.perupesquero.org\/web\/wp-json\/wp\/v2\/posts\/26060\/revisions"}],"predecessor-version":[{"id":26062,"href":"http:\/\/www.perupesquero.org\/web\/wp-json\/wp\/v2\/posts\/26060\/revisions\/26062"}],"wp:featuredmedia":[{"embeddable":true,"href":"http:\/\/www.perupesquero.org\/web\/wp-json\/wp\/v2\/media\/26061"}],"wp:attachment":[{"href":"http:\/\/www.perupesquero.org\/web\/wp-json\/wp\/v2\/media?parent=26060"}],"wp:term":[{"taxonomy":"category","embeddable":true,"href":"http:\/\/www.perupesquero.org\/web\/wp-json\/wp\/v2\/categories?post=26060"},{"taxonomy":"post_tag","embeddable":true,"href":"http:\/\/www.perupesquero.org\/web\/wp-json\/wp\/v2\/tags?post=26060"}],"curies":[{"name":"wp","href":"https:\/\/api.w.org\/{rel}","templated":true}]}}