{"id":26051,"date":"2022-08-20T18:08:02","date_gmt":"2022-08-20T23:08:02","guid":{"rendered":"http:\/\/www.perupesquero.org\/web\/?p=26051"},"modified":"2022-08-20T21:23:07","modified_gmt":"2022-08-21T02:23:07","slug":"legislador-esdras-medina-es-el-nuevo-presidente-de-la-comision-de-produccion","status":"publish","type":"post","link":"http:\/\/www.perupesquero.org\/web\/legislador-esdras-medina-es-el-nuevo-presidente-de-la-comision-de-produccion\/","title":{"rendered":"Legislador Esdras Medina es el nuevo Presidente de la Comisi\u00f3n de Producci\u00f3n"},"content":{"rendered":"\n<p>El legislador Esdras Medina (Somos Per\u00fa) fue electo en el cargo de Presidente de la Comisi\u00f3n de Producci\u00f3n para el periodo anual de sesiones 2022-2023.<\/p>\n\n\n\n<p>Los congresistas V\u00edctor Flores (Fuerza Popular) y Juan Burgos (Avanza Pa\u00eds) lo acompa\u00f1ar\u00e1n en la mesa directiva como vicepresidente y secretario del grupo de trabajo, respetivamente.<\/p>\n\n\n\n<p>La lista fue elegida por unanimidad en sesi\u00f3n de este jueves, con 17 votos a favor de los miembros de la comisi\u00f3n.<\/p>\n\n\n\n<p>Como se recuerda, el legislador postul\u00f3 a la Presidencia del Congreso durante la \u00faltima elecci\u00f3n de la mesa directiva de ese poder del Estado, quedando en segundo lugar.<\/p>\n\n\n\n<p>Medina Minaya agradeci\u00f3 la confianza de sus colegas de la Comisi\u00f3n de Producci\u00f3n e indic\u00f3 que buscar\u00e1 impulsar iniciativas para la formalizaci\u00f3n de las micro y peque\u00f1as empresas, ya que un 95% de ellas a\u00fan no han logrado ello.<\/p>\n\n\n\n<p>Asimismo, indic\u00f3 que otro eje de su gesti\u00f3n ser\u00e1 el desarrollo de normas a favor de la pesca, as\u00ed como de otros sectores productivos.<\/p>\n\n\n\n<p>Recogido de Andina<\/p>\n","protected":false},"excerpt":{"rendered":"<p>El legislador Esdras Medina (Somos Per\u00fa) fue electo en el cargo de Presidente de la Comisi\u00f3n de Producci\u00f3n para el periodo anual de sesiones 2022-2023. Los congresistas V\u00edctor Flores (Fuerza Popular) y Juan Burgos (Avanza Pa\u00eds) lo acompa\u00f1ar\u00e1n en la mesa directiva como vicepresidente y secretario del grupo de trabajo, respetivamente. La lista fue elegida [&hellip;]<\/p>\n","protected":false},"author":2,"featured_media":26052,"comment_status":"open","ping_status":"open","sticky":false,"template":"","format":"standard","meta":{"footnotes":""},"categories":[63],"tags":[],"class_list":["post-26051","post","type-post","status-publish","format-standard","has-post-thumbnail","hentry","category-noticias"],"_links":{"self":[{"href":"http:\/\/www.perupesquero.org\/web\/wp-json\/wp\/v2\/posts\/26051","targetHints":{"allow":["GET"]}}],"collection":[{"href":"http:\/\/www.perupesquero.org\/web\/wp-json\/wp\/v2\/posts"}],"about":[{"href":"http:\/\/www.perupesquero.org\/web\/wp-json\/wp\/v2\/types\/post"}],"author":[{"embeddable":true,"href":"http:\/\/www.perupesquero.org\/web\/wp-json\/wp\/v2\/users\/2"}],"replies":[{"embeddable":true,"href":"http:\/\/www.perupesquero.org\/web\/wp-json\/wp\/v2\/comments?post=26051"}],"version-history":[{"count":1,"href":"http:\/\/www.perupesquero.org\/web\/wp-json\/wp\/v2\/posts\/26051\/revisions"}],"predecessor-version":[{"id":26053,"href":"http:\/\/www.perupesquero.org\/web\/wp-json\/wp\/v2\/posts\/26051\/revisions\/26053"}],"wp:featuredmedia":[{"embeddable":true,"href":"http:\/\/www.perupesquero.org\/web\/wp-json\/wp\/v2\/media\/26052"}],"wp:attachment":[{"href":"http:\/\/www.perupesquero.org\/web\/wp-json\/wp\/v2\/media?parent=26051"}],"wp:term":[{"taxonomy":"category","embeddable":true,"href":"http:\/\/www.perupesquero.org\/web\/wp-json\/wp\/v2\/categories?post=26051"},{"taxonomy":"post_tag","embeddable":true,"href":"http:\/\/www.perupesquero.org\/web\/wp-json\/wp\/v2\/tags?post=26051"}],"curies":[{"name":"wp","href":"https:\/\/api.w.org\/{rel}","templated":true}]}}