{"id":25968,"date":"2022-08-15T16:48:59","date_gmt":"2022-08-15T21:48:59","guid":{"rendered":"http:\/\/www.perupesquero.org\/web\/?p=25968"},"modified":"2022-08-15T16:49:00","modified_gmt":"2022-08-15T21:49:00","slug":"onu-inicia-negociaciones-para-decidir-el-futuro-de-los-oceanos","status":"publish","type":"post","link":"http:\/\/www.perupesquero.org\/web\/onu-inicia-negociaciones-para-decidir-el-futuro-de-los-oceanos\/","title":{"rendered":"ONU inicia negociaciones para decidir el futuro de los oc\u00e9anos"},"content":{"rendered":"\n<p>Tratado Global de los Oc\u00e9anos de la ONU busca proteger el 30% de las aguas mar\u00edtimas en 2030<\/p>\n\n\n\n<p>M\u00e1s de 50 pa\u00edses se reunir\u00e1n en la sede de la&nbsp;<strong>Organizaci\u00f3n<\/strong><strong> <\/strong><strong>de las Naciones Unidas<\/strong><strong>&nbsp;<\/strong>(ONU) para la etapa final de las negociaciones para la creaci\u00f3n de un<strong>&nbsp;<\/strong><strong>Tratado Global de los Oc\u00e9anos<\/strong>, un instrumento que ha sido discutido por a\u00f1os y que pretende proteger la&nbsp;<strong>biodiversidad marina<\/strong><strong>&nbsp;<\/strong>en aguas internacionales.<\/p>\n\n\n\n<p>En marzo de este a\u00f1o, los gobiernos involucrados participaron en lo que se esperaba fuera una \u00faltima reuni\u00f3n para finalizar el tratado, pero no se lograron los acuerdos necesarios.<\/p>\n\n\n\n<p>Entre el 15 y 26 de agosto, los gobiernos se reunir\u00e1n nuevamente en la sede de la&nbsp;<strong>ONU<\/strong><strong>&nbsp;<\/strong>en&nbsp;<strong>Nueva York<\/strong>&nbsp;para formalizar los acuerdos propuestos en la<strong>Convenci\u00f3n de las Naciones Unidas sobre el Derecho del Mar<\/strong><strong>&nbsp;<\/strong>y as\u00ed \u201casegurar la conservaci\u00f3n y el uso sostenible de la diversidad biol\u00f3gica marina de las zonas situadas fuera de la jurisdicci\u00f3n nacional\u201d.<\/p>\n\n\n\n<p>\u00bfQu\u00e9 es el Tratado Global de los Oc\u00e9anos?<\/p>\n\n\n\n<p>El Tratado Global de los Oc\u00e9anos impulsado por la ONU, es un acuerdo para proteger al menos el 30% de las aguas mar\u00edtimas; espec\u00edficamente la altamar, como se conoce a las&nbsp;aguas internacionales;&nbsp;antes de 2030.<\/p>\n\n\n\n<p>La&nbsp;altamar&nbsp;abarca aguas situada a m\u00e1s de 200 millas mar\u00edtimas de las costas, que en la actualidad est\u00e1n reguladas por acuerdos y organismos variados, sin un marco general conciso y claro.<\/p>\n\n\n\n<p>De acuerdo con los grupos ecologistas y cient\u00edficos consultados por la ONU, los mares se ven amenazados por la contaminaci\u00f3n, cambio clim\u00e1tico, el desarrollo de tecnolog\u00eda que facilitan y promueve la miner\u00eda en el fondo del oc\u00e9ano y la pesca intensiva.<\/p>\n\n\n\n<p>Durante la&nbsp;II Conferencia de los Oc\u00e9anos de las Naciones Unidas&nbsp;(UNOC) celebrada en julio, 150 pa\u00edses acordaron proteger el 30% de los oc\u00e9anos en 2030, sin embargo, el acuerdo no es vinculante.<\/p>\n\n\n\n<p>\u201cDesde hace casi dos d\u00e9cadas, los l\u00edderes han hablado y retrasado mientras la crisis de los oc\u00e9anos sigue profundiz\u00e1ndose. Ahora es el momento de que los l\u00edderes cumplan con sus compromisos y finalicen un Tratado Global de los Oc\u00e9anos s\u00f3lido\u201d, indic\u00f3&nbsp;Laura Meller&nbsp;de Greenpeace.<\/p>\n\n\n\n<p>\u201cEstas negociaciones son una oportunidad \u00fanica en una generaci\u00f3n para salvar la parte azul de nuestro planeta azul\u201d, agreg\u00f3 la representante de\u00a0Greenpeace\u00a0al reiterar que las discusiones formales de dicho tratado comenzaron en 2018.<\/p>\n\n\n\n<p>Fuente: Diario de Yucat\u00e1n<\/p>\n","protected":false},"excerpt":{"rendered":"<p>Tratado Global de los Oc\u00e9anos de la ONU busca proteger el 30% de las aguas mar\u00edtimas en 2030 M\u00e1s de 50 pa\u00edses se reunir\u00e1n en la sede de la&nbsp;Organizaci\u00f3n de las Naciones Unidas&nbsp;(ONU) para la etapa final de las negociaciones para la creaci\u00f3n de un&nbsp;Tratado Global de los Oc\u00e9anos, un instrumento que ha sido discutido [&hellip;]<\/p>\n","protected":false},"author":2,"featured_media":25969,"comment_status":"open","ping_status":"open","sticky":false,"template":"","format":"standard","meta":{"footnotes":""},"categories":[63],"tags":[],"class_list":["post-25968","post","type-post","status-publish","format-standard","has-post-thumbnail","hentry","category-noticias"],"_links":{"self":[{"href":"http:\/\/www.perupesquero.org\/web\/wp-json\/wp\/v2\/posts\/25968","targetHints":{"allow":["GET"]}}],"collection":[{"href":"http:\/\/www.perupesquero.org\/web\/wp-json\/wp\/v2\/posts"}],"about":[{"href":"http:\/\/www.perupesquero.org\/web\/wp-json\/wp\/v2\/types\/post"}],"author":[{"embeddable":true,"href":"http:\/\/www.perupesquero.org\/web\/wp-json\/wp\/v2\/users\/2"}],"replies":[{"embeddable":true,"href":"http:\/\/www.perupesquero.org\/web\/wp-json\/wp\/v2\/comments?post=25968"}],"version-history":[{"count":1,"href":"http:\/\/www.perupesquero.org\/web\/wp-json\/wp\/v2\/posts\/25968\/revisions"}],"predecessor-version":[{"id":25970,"href":"http:\/\/www.perupesquero.org\/web\/wp-json\/wp\/v2\/posts\/25968\/revisions\/25970"}],"wp:featuredmedia":[{"embeddable":true,"href":"http:\/\/www.perupesquero.org\/web\/wp-json\/wp\/v2\/media\/25969"}],"wp:attachment":[{"href":"http:\/\/www.perupesquero.org\/web\/wp-json\/wp\/v2\/media?parent=25968"}],"wp:term":[{"taxonomy":"category","embeddable":true,"href":"http:\/\/www.perupesquero.org\/web\/wp-json\/wp\/v2\/categories?post=25968"},{"taxonomy":"post_tag","embeddable":true,"href":"http:\/\/www.perupesquero.org\/web\/wp-json\/wp\/v2\/tags?post=25968"}],"curies":[{"name":"wp","href":"https:\/\/api.w.org\/{rel}","templated":true}]}}