{"id":25930,"date":"2022-08-08T23:33:16","date_gmt":"2022-08-09T04:33:16","guid":{"rendered":"http:\/\/www.perupesquero.org\/web\/?p=25930"},"modified":"2022-08-08T23:33:22","modified_gmt":"2022-08-09T04:33:22","slug":"mar-del-peru-ocurrencia-de-oleajes-anomalos-del-8-al-10-de-agosto","status":"publish","type":"post","link":"http:\/\/www.perupesquero.org\/web\/mar-del-peru-ocurrencia-de-oleajes-anomalos-del-8-al-10-de-agosto\/","title":{"rendered":"Mar del Per\u00fa: Ocurrencia de oleajes an\u00f3malos del 8 al 10 de agosto"},"content":{"rendered":"\n<p>El Instituto Nacional de Defensa Civil (INDECI) recomienda medidas de preparaci\u00f3n ante el Aviso Oceanogr\u00e1fico Especial N.\u00ba 66, emitido por la Direcci\u00f3n de Hidrograf\u00eda y Navegaci\u00f3n (DHN) de la Marina de Guerra del Per\u00fa, sobre la ocurrencia de oleajes de ligera intensidad, que se presentar\u00edan desde el lunes 8 al mi\u00e9rcoles 10 de agosto.&nbsp;<\/p>\n\n\n\n<p>De acuerdo a dicho comunicado, en el norte este fen\u00f3meno iniciar\u00eda la noche del lunes 8, mientras que, en litoral centro, entre las localidades Salaverry y Cerro Azul, a partir de la madrugada del mismo d\u00eda, y de Cerro Azul a San Juan, desde la noche del domingo 7 de agosto. En tanto, en el sur los oleajes ligeros se presentar\u00edan durante la tarde del lunes 8 de agosto.<\/p>\n\n\n\n<p>Ante esta situaci\u00f3n, el INDECI exhorta a las autoridades regionales y locales orientar a la poblaci\u00f3n en cuanto a medidas de protecci\u00f3n espec\u00edficas, evitando exponerse a este fen\u00f3meno para prevenir accidentes y\/o da\u00f1os personales y materiales.<\/p>\n\n\n\n<p>Asimismo, se recomienda suspender las actividades portuarias y de pesca, as\u00ed como asegurar las embarcaciones y\/o retirar las flotas peque\u00f1as hacia tierra firme. Adem\u00e1s, se debe evitar actividades deportivas y recreativas durante el periodo de oleaje, as\u00ed como campamentos cerca de las zonas de playa.<\/p>\n\n\n\n<p>El INDECI, a trav\u00e9s del Centro de Operaciones de Emergencia Nacional (COEN), monitorea los departamentos del litoral peruano en coordinaci\u00f3n con las oficinas de Gesti\u00f3n del Riesgo de Desastres y la DHN, con la finalidad de brindar informaci\u00f3n a las autoridades y poblaci\u00f3n en general sobre los eventos que se presenten.<\/p>\n\n\n\n<p>Nota de prensa INDECI<\/p>\n","protected":false},"excerpt":{"rendered":"<p>El Instituto Nacional de Defensa Civil (INDECI) recomienda medidas de preparaci\u00f3n ante el Aviso Oceanogr\u00e1fico Especial N.\u00ba 66, emitido por la Direcci\u00f3n de Hidrograf\u00eda y Navegaci\u00f3n (DHN) de la Marina de Guerra del Per\u00fa, sobre la ocurrencia de oleajes de ligera intensidad, que se presentar\u00edan desde el lunes 8 al mi\u00e9rcoles 10 de agosto.&nbsp; De [&hellip;]<\/p>\n","protected":false},"author":2,"featured_media":25931,"comment_status":"open","ping_status":"open","sticky":false,"template":"","format":"standard","meta":{"footnotes":""},"categories":[63],"tags":[],"class_list":["post-25930","post","type-post","status-publish","format-standard","has-post-thumbnail","hentry","category-noticias"],"_links":{"self":[{"href":"http:\/\/www.perupesquero.org\/web\/wp-json\/wp\/v2\/posts\/25930","targetHints":{"allow":["GET"]}}],"collection":[{"href":"http:\/\/www.perupesquero.org\/web\/wp-json\/wp\/v2\/posts"}],"about":[{"href":"http:\/\/www.perupesquero.org\/web\/wp-json\/wp\/v2\/types\/post"}],"author":[{"embeddable":true,"href":"http:\/\/www.perupesquero.org\/web\/wp-json\/wp\/v2\/users\/2"}],"replies":[{"embeddable":true,"href":"http:\/\/www.perupesquero.org\/web\/wp-json\/wp\/v2\/comments?post=25930"}],"version-history":[{"count":1,"href":"http:\/\/www.perupesquero.org\/web\/wp-json\/wp\/v2\/posts\/25930\/revisions"}],"predecessor-version":[{"id":25932,"href":"http:\/\/www.perupesquero.org\/web\/wp-json\/wp\/v2\/posts\/25930\/revisions\/25932"}],"wp:featuredmedia":[{"embeddable":true,"href":"http:\/\/www.perupesquero.org\/web\/wp-json\/wp\/v2\/media\/25931"}],"wp:attachment":[{"href":"http:\/\/www.perupesquero.org\/web\/wp-json\/wp\/v2\/media?parent=25930"}],"wp:term":[{"taxonomy":"category","embeddable":true,"href":"http:\/\/www.perupesquero.org\/web\/wp-json\/wp\/v2\/categories?post=25930"},{"taxonomy":"post_tag","embeddable":true,"href":"http:\/\/www.perupesquero.org\/web\/wp-json\/wp\/v2\/tags?post=25930"}],"curies":[{"name":"wp","href":"https:\/\/api.w.org\/{rel}","templated":true}]}}