{"id":25832,"date":"2022-07-26T18:50:49","date_gmt":"2022-07-26T23:50:49","guid":{"rendered":"http:\/\/www.perupesquero.org\/web\/?p=25832"},"modified":"2022-07-26T18:50:50","modified_gmt":"2022-07-26T23:50:50","slug":"ecuador-hallan-pez-remo-frente-a-las-costas-de-anconcito","status":"publish","type":"post","link":"http:\/\/www.perupesquero.org\/web\/ecuador-hallan-pez-remo-frente-a-las-costas-de-anconcito\/","title":{"rendered":"Ecuador: Hallan pez remo frente a las costas de Anconcito"},"content":{"rendered":"\n<p><strong><em>Ex<\/em>iste la creencia de que el hallazgo de esta especie es un presagio de fen\u00f3menos naturales.<\/strong><\/p>\n\n\n\n<p>Un grupo de pescadores de la parroquia&nbsp;Anconcito, en la provincia de&nbsp;Santa Elena, capturaron un&nbsp;pez remo&nbsp;frente a las costas de este balneario, este martes 26 de julio.<\/p>\n\n\n\n<p>Existe la creencia de que el hallazgo de esta especie es un presagio de fen\u00f3menos naturales como sismos.<\/p>\n\n\n\n<p>Seg\u00fan relat\u00f3 el pescador Christian Mu\u00f1oz, el animal fue atrapado con redes a unas 40 millas n\u00e1uticas (74 kil\u00f3metros) de la localidad peninsular.<\/p>\n\n\n\n<p>Mu\u00f1oz cont\u00f3 a medios locales, mientras a\u00fan estaba en su embarcaci\u00f3n, que identificaron el tipo de especie cuando descargaron la pesca de la jornada, alrededor de las 06:00.<\/p>\n\n\n\n<p>&#8220;El pez sali\u00f3 ah\u00ed en la red. Hab\u00edamos escuchado sobre ese pez, pero no s\u00e9 si creer o no porque es un pez que nos da Dios&#8221;, indic\u00f3 el marinero.<\/p>\n\n\n\n<p>&#8220;Lo cogimos nom\u00e1s y nos tomamos fotos&#8221;, acot\u00f3.<\/p>\n\n\n\n<p>Fuente: Ecuavisa<\/p>\n","protected":false},"excerpt":{"rendered":"<p>Existe la creencia de que el hallazgo de esta especie es un presagio de fen\u00f3menos naturales. Un grupo de pescadores de la parroquia&nbsp;Anconcito, en la provincia de&nbsp;Santa Elena, capturaron un&nbsp;pez remo&nbsp;frente a las costas de este balneario, este martes 26 de julio. Existe la creencia de que el hallazgo de esta especie es un presagio [&hellip;]<\/p>\n","protected":false},"author":2,"featured_media":25833,"comment_status":"open","ping_status":"open","sticky":false,"template":"","format":"standard","meta":{"footnotes":""},"categories":[63],"tags":[],"class_list":["post-25832","post","type-post","status-publish","format-standard","has-post-thumbnail","hentry","category-noticias"],"_links":{"self":[{"href":"http:\/\/www.perupesquero.org\/web\/wp-json\/wp\/v2\/posts\/25832","targetHints":{"allow":["GET"]}}],"collection":[{"href":"http:\/\/www.perupesquero.org\/web\/wp-json\/wp\/v2\/posts"}],"about":[{"href":"http:\/\/www.perupesquero.org\/web\/wp-json\/wp\/v2\/types\/post"}],"author":[{"embeddable":true,"href":"http:\/\/www.perupesquero.org\/web\/wp-json\/wp\/v2\/users\/2"}],"replies":[{"embeddable":true,"href":"http:\/\/www.perupesquero.org\/web\/wp-json\/wp\/v2\/comments?post=25832"}],"version-history":[{"count":2,"href":"http:\/\/www.perupesquero.org\/web\/wp-json\/wp\/v2\/posts\/25832\/revisions"}],"predecessor-version":[{"id":25835,"href":"http:\/\/www.perupesquero.org\/web\/wp-json\/wp\/v2\/posts\/25832\/revisions\/25835"}],"wp:featuredmedia":[{"embeddable":true,"href":"http:\/\/www.perupesquero.org\/web\/wp-json\/wp\/v2\/media\/25833"}],"wp:attachment":[{"href":"http:\/\/www.perupesquero.org\/web\/wp-json\/wp\/v2\/media?parent=25832"}],"wp:term":[{"taxonomy":"category","embeddable":true,"href":"http:\/\/www.perupesquero.org\/web\/wp-json\/wp\/v2\/categories?post=25832"},{"taxonomy":"post_tag","embeddable":true,"href":"http:\/\/www.perupesquero.org\/web\/wp-json\/wp\/v2\/tags?post=25832"}],"curies":[{"name":"wp","href":"https:\/\/api.w.org\/{rel}","templated":true}]}}