{"id":25827,"date":"2022-07-23T23:49:00","date_gmt":"2022-07-24T04:49:00","guid":{"rendered":"http:\/\/www.perupesquero.org\/web\/?p=25827"},"modified":"2022-07-23T23:49:01","modified_gmt":"2022-07-24T04:49:01","slug":"cambio-climatico-efectos-se-agravaran-en-america-latina","status":"publish","type":"post","link":"http:\/\/www.perupesquero.org\/web\/cambio-climatico-efectos-se-agravaran-en-america-latina\/","title":{"rendered":"Cambio Clim\u00e1tico: Efectos se agravar\u00e1n en Am\u00e9rica Latina"},"content":{"rendered":"\n<p>Un informe de la Organizaci\u00f3n Meteorol\u00f3gica Mundial (OMM) alert\u00f3 que los fen\u00f3menos meteorol\u00f3gicos extremos y los efectos del cambio clim\u00e1tico&nbsp;que afectan a Am\u00e9rica Latina y el Caribe podr\u00e1n&nbsp;agravarse&nbsp;en los pr\u00f3ximos a\u00f1os.<\/p>\n\n\n\n<p>En el documento titulado&nbsp;<em>Informe sobre el estado del clima en Am\u00e9rica Latina y el Caribe 2021<\/em>, la OMM advierte que la regi\u00f3n enfrenta fen\u00f3menos como&nbsp;megasequ\u00edas, precipitaciones extremas y olas de calor, con repercusiones en la diversidad de los ecosistemas, el acceso a los alimentos y el agua potable, entre otros.<\/p>\n\n\n\n<p>Adem\u00e1s, aseguraron que &#8220;desafortunadamente,&nbsp;se prev\u00e9 un agravamiento de los efectos en la regi\u00f3n, ya que la atm\u00f3sfera y el oc\u00e9ano siguen cambiando r\u00e1pidamente\u201d<\/p>\n\n\n\n<p>&#8220;Las tasas de deforestaci\u00f3n el a\u00f1o pasado fueron las m\u00e1s elevadas&nbsp;desde 2009. Los glaciares andinos han perdido m\u00e1s del 30%&nbsp;de su superficie en menos de 50&nbsp;a\u00f1os. Y la &#8216;megasequ\u00eda&#8217;&nbsp;que azota la zona central de Chile es la m\u00e1s pertinaz del \u00faltimo milenio&#8221;, refiri\u00f3 una nota de la Organizaci\u00f3n de las Naciones Unidas (ONU) sobre el documento.<\/p>\n\n\n\n<p>Asimismo, indic\u00f3 que la temporada de huracanes del Atl\u00e1ntico en 2021 fue la tercera m\u00e1s activa de los \u00faltimos a\u00f1os, con 21 tormentas con nombre, y siete huracanes.<\/p>\n\n\n\n<p>Por otro lado, datos de la OMM indican que&nbsp;7,7 millones de personas en pa\u00edses como Guatemala y&nbsp;El Salvador, \u201cexperimentaron altos niveles de falta de alimentos e inseguridad alimentaria en 2021, con factores que contribuyen a ello, como los impactos continuos de los huracanes Eta e Iota a finales de 2020 y los impactos econ\u00f3micos de la pandemia\u201d.<\/p>\n\n\n\n<p>La organizaci\u00f3n tambi\u00e9n precis\u00f3 que Am\u00e9rica Latina y el Caribe es una de las regiones que debe reforzar los sistemas de alerta temprana como herramienta eficaz en zonas vulnerables a fen\u00f3menos meteorol\u00f3gicos, h\u00eddricos y clim\u00e1ticos extremos.<\/p>\n\n\n\n<p>Pron\u00f3sticos ante la situaci\u00f3n de la regi\u00f3n<\/p>\n\n\n\n<p>La OMM enfatiza en que los suministros de alimentos, agua, los ecosistemas naturales y el bienestar de los seres humanos se ver\u00e1n afectados.<\/p>\n\n\n\n<p>En el informe, el director general del ente, Petteri Taalas, considero\u00a0que \u201cel aumento del nivel del mar y el calentamiento de los oc\u00e9anos sigan afectando a los medios de subsistencia, el turismo, la salud, la alimentaci\u00f3n, la energ\u00eda y la seguridad del agua en las zonas costeras\u201d.<\/p>\n\n\n\n<p>Fuente: TeleSURtv.net<\/p>\n","protected":false},"excerpt":{"rendered":"<p>Un informe de la Organizaci\u00f3n Meteorol\u00f3gica Mundial (OMM) alert\u00f3 que los fen\u00f3menos meteorol\u00f3gicos extremos y los efectos del cambio clim\u00e1tico&nbsp;que afectan a Am\u00e9rica Latina y el Caribe podr\u00e1n&nbsp;agravarse&nbsp;en los pr\u00f3ximos a\u00f1os. En el documento titulado&nbsp;Informe sobre el estado del clima en Am\u00e9rica Latina y el Caribe 2021, la OMM advierte que la regi\u00f3n enfrenta fen\u00f3menos [&hellip;]<\/p>\n","protected":false},"author":2,"featured_media":25828,"comment_status":"open","ping_status":"open","sticky":false,"template":"","format":"standard","meta":{"footnotes":""},"categories":[63],"tags":[],"class_list":["post-25827","post","type-post","status-publish","format-standard","has-post-thumbnail","hentry","category-noticias"],"_links":{"self":[{"href":"http:\/\/www.perupesquero.org\/web\/wp-json\/wp\/v2\/posts\/25827","targetHints":{"allow":["GET"]}}],"collection":[{"href":"http:\/\/www.perupesquero.org\/web\/wp-json\/wp\/v2\/posts"}],"about":[{"href":"http:\/\/www.perupesquero.org\/web\/wp-json\/wp\/v2\/types\/post"}],"author":[{"embeddable":true,"href":"http:\/\/www.perupesquero.org\/web\/wp-json\/wp\/v2\/users\/2"}],"replies":[{"embeddable":true,"href":"http:\/\/www.perupesquero.org\/web\/wp-json\/wp\/v2\/comments?post=25827"}],"version-history":[{"count":1,"href":"http:\/\/www.perupesquero.org\/web\/wp-json\/wp\/v2\/posts\/25827\/revisions"}],"predecessor-version":[{"id":25829,"href":"http:\/\/www.perupesquero.org\/web\/wp-json\/wp\/v2\/posts\/25827\/revisions\/25829"}],"wp:featuredmedia":[{"embeddable":true,"href":"http:\/\/www.perupesquero.org\/web\/wp-json\/wp\/v2\/media\/25828"}],"wp:attachment":[{"href":"http:\/\/www.perupesquero.org\/web\/wp-json\/wp\/v2\/media?parent=25827"}],"wp:term":[{"taxonomy":"category","embeddable":true,"href":"http:\/\/www.perupesquero.org\/web\/wp-json\/wp\/v2\/categories?post=25827"},{"taxonomy":"post_tag","embeddable":true,"href":"http:\/\/www.perupesquero.org\/web\/wp-json\/wp\/v2\/tags?post=25827"}],"curies":[{"name":"wp","href":"https:\/\/api.w.org\/{rel}","templated":true}]}}