{"id":25698,"date":"2022-07-10T16:28:14","date_gmt":"2022-07-10T21:28:14","guid":{"rendered":"http:\/\/www.perupesquero.org\/web\/?p=25698"},"modified":"2022-07-10T16:28:15","modified_gmt":"2022-07-10T21:28:15","slug":"mar-del-peru-continuan-oleajes-de-ligera-a-fuerte-intensidad-hasta-el-14-de-julio","status":"publish","type":"post","link":"http:\/\/www.perupesquero.org\/web\/mar-del-peru-continuan-oleajes-de-ligera-a-fuerte-intensidad-hasta-el-14-de-julio\/","title":{"rendered":"Mar del Per\u00fa: Contin\u00faan oleajes de ligera a fuerte intensidad hasta el 14 de julio"},"content":{"rendered":"\n<p>El Instituto Nacional de Defensa Civil (INDECI) recomienda medidas de preparaci\u00f3n ante el Aviso Oceanogr\u00e1fico Especial N.\u00ba 57, emitido por la Direcci\u00f3n de Hidrograf\u00eda y Navegaci\u00f3n (DHN) de la Marina de Guerra del Per\u00fa, sobre la continuidad de oleajes de ligera a fuerte intensidad en todo el litoral, hasta el jueves 14 de julio.<\/p>\n\n\n\n<p>De acuerdo a dicho comunicado, en el norte persistir\u00eda el oleaje ligero, que se incrementar\u00eda a moderado durante la madrugada del martes 12; mientras que, en el centro, entre Salaverry y Cerro Azul, contin\u00faa de ligera intensidad que aumentar\u00eda a moderada la noche del lunes 11.<\/p>\n\n\n\n<p>Por otro lado, entre Cerro Azul a San Juan, persistir\u00eda el oleaje ligero que cambiar\u00eda a moderado a partir de la ma\u00f1ana del lunes 11 y a fuerte desde esa misma noche. Finalmente, en el sur, continuar\u00eda el oleaje ligero que se incrementar\u00eda a moderado desde la madrugada del lunes 11 y se intensificar\u00eda a fuerte desde la tarde del mismo d\u00eda.<\/p>\n\n\n\n<p>Ante esta situaci\u00f3n, el INDECI exhorta a las autoridades regionales y locales orientar a la poblaci\u00f3n en cuanto a medidas de protecci\u00f3n espec\u00edficas, evitando exponerse a este fen\u00f3meno para prevenir accidentes y\/o da\u00f1os personales y materiales.<\/p>\n\n\n\n<p>Asimismo, se recomienda suspender las actividades portuarias y de pesca, as\u00ed como asegurar las embarcaciones y\/o retirar las flotas peque\u00f1as hacia tierra firme. Adem\u00e1s, se debe evitar actividades deportivas y recreativas durante el periodo de oleaje, as\u00ed como campamentos cerca de las zonas de playa.<\/p>\n\n\n\n<p>Nota de prensa INDECI<\/p>\n","protected":false},"excerpt":{"rendered":"<p>El Instituto Nacional de Defensa Civil (INDECI) recomienda medidas de preparaci\u00f3n ante el Aviso Oceanogr\u00e1fico Especial N.\u00ba 57, emitido por la Direcci\u00f3n de Hidrograf\u00eda y Navegaci\u00f3n (DHN) de la Marina de Guerra del Per\u00fa, sobre la continuidad de oleajes de ligera a fuerte intensidad en todo el litoral, hasta el jueves 14 de julio. De [&hellip;]<\/p>\n","protected":false},"author":2,"featured_media":25699,"comment_status":"open","ping_status":"open","sticky":false,"template":"","format":"standard","meta":{"footnotes":""},"categories":[63],"tags":[],"class_list":["post-25698","post","type-post","status-publish","format-standard","has-post-thumbnail","hentry","category-noticias"],"_links":{"self":[{"href":"http:\/\/www.perupesquero.org\/web\/wp-json\/wp\/v2\/posts\/25698","targetHints":{"allow":["GET"]}}],"collection":[{"href":"http:\/\/www.perupesquero.org\/web\/wp-json\/wp\/v2\/posts"}],"about":[{"href":"http:\/\/www.perupesquero.org\/web\/wp-json\/wp\/v2\/types\/post"}],"author":[{"embeddable":true,"href":"http:\/\/www.perupesquero.org\/web\/wp-json\/wp\/v2\/users\/2"}],"replies":[{"embeddable":true,"href":"http:\/\/www.perupesquero.org\/web\/wp-json\/wp\/v2\/comments?post=25698"}],"version-history":[{"count":1,"href":"http:\/\/www.perupesquero.org\/web\/wp-json\/wp\/v2\/posts\/25698\/revisions"}],"predecessor-version":[{"id":25700,"href":"http:\/\/www.perupesquero.org\/web\/wp-json\/wp\/v2\/posts\/25698\/revisions\/25700"}],"wp:featuredmedia":[{"embeddable":true,"href":"http:\/\/www.perupesquero.org\/web\/wp-json\/wp\/v2\/media\/25699"}],"wp:attachment":[{"href":"http:\/\/www.perupesquero.org\/web\/wp-json\/wp\/v2\/media?parent=25698"}],"wp:term":[{"taxonomy":"category","embeddable":true,"href":"http:\/\/www.perupesquero.org\/web\/wp-json\/wp\/v2\/categories?post=25698"},{"taxonomy":"post_tag","embeddable":true,"href":"http:\/\/www.perupesquero.org\/web\/wp-json\/wp\/v2\/tags?post=25698"}],"curies":[{"name":"wp","href":"https:\/\/api.w.org\/{rel}","templated":true}]}}