{"id":25695,"date":"2022-07-09T21:40:12","date_gmt":"2022-07-10T02:40:12","guid":{"rendered":"http:\/\/www.perupesquero.org\/web\/?p=25695"},"modified":"2022-07-09T21:40:13","modified_gmt":"2022-07-10T02:40:13","slug":"entregan-desembarcadero-pesquero-de-cancas-en-tumbes-que-demando-una-inversion-de-s-27-millones","status":"publish","type":"post","link":"http:\/\/www.perupesquero.org\/web\/entregan-desembarcadero-pesquero-de-cancas-en-tumbes-que-demando-una-inversion-de-s-27-millones\/","title":{"rendered":"Entregan desembarcadero pesquero de Cancas en Tumbes que demand\u00f3 una inversi\u00f3n de S\/ 27 millones"},"content":{"rendered":"\n<p>El Desembarcadero Pesquero Artesanal de Cancas, ubicado en el distrito de Canoas de Punta Sal, en la provincia de Contralmirante Villar en la regi\u00f3n Tumbes, fue puesto al servicio de los pescadores artesanales de esta localidad.<\/p>\n\n\n\n<p>Esta infraestructura portuaria, manifest\u00f3 el ministro de la Producci\u00f3n, Jorge Luis Prado Palomino, busca el mejoramiento de los Servicios del Desembarcadero Pesquero Artesanal, y fue realizado con una inversi\u00f3n que supera los S\/ 27 millones, el cual permitir\u00e1 beneficiar a 439 pescadores artesanales de la zona.<\/p>\n\n\n\n<p>Esta moderna infraestructura, explic\u00f3, tiene un puente de 65 metros de longitud un cabezo de 78 metros de longitud y una capacidad para desembarque en simult\u00e1neo de hasta ocho embarcaciones. Igualmente cuenta con plataforma baja de 12.70 metros de longitud.<\/p>\n\n\n\n<p>Asimismo, el \u00e1rea construida de la Infraestructura en tierra cuenta con 3,158.64 m2 (\u00e1rea techada de 1,797.17 m2 y \u00e1rea libre de 1,361.47 m2) y su zona de tareas previas tiene un espacio de 218.36 m2, para operaciones de lavado, eviscerado y traslado de los recursos.<\/p>\n\n\n\n<p>El Fondo Nacional de Desarrollo Pesquero (Fondepes), coment\u00f3 que Sanipes entreg\u00f3 la habilitaci\u00f3n sanitaria. Al acto asistieron adem\u00e1s del titular de Produce, el jefe de la instituci\u00f3n Antonio Lambruschini Canessa adem\u00e1s de autoridades y pescadores de la zona.<\/p>\n\n\n\n<p>Nota de prensa Ministerio de la Producci\u00f3n<\/p>\n","protected":false},"excerpt":{"rendered":"<p>El Desembarcadero Pesquero Artesanal de Cancas, ubicado en el distrito de Canoas de Punta Sal, en la provincia de Contralmirante Villar en la regi\u00f3n Tumbes, fue puesto al servicio de los pescadores artesanales de esta localidad. Esta infraestructura portuaria, manifest\u00f3 el ministro de la Producci\u00f3n, Jorge Luis Prado Palomino, busca el mejoramiento de los Servicios [&hellip;]<\/p>\n","protected":false},"author":2,"featured_media":25696,"comment_status":"open","ping_status":"open","sticky":false,"template":"","format":"standard","meta":{"footnotes":""},"categories":[63],"tags":[],"class_list":["post-25695","post","type-post","status-publish","format-standard","has-post-thumbnail","hentry","category-noticias"],"_links":{"self":[{"href":"http:\/\/www.perupesquero.org\/web\/wp-json\/wp\/v2\/posts\/25695","targetHints":{"allow":["GET"]}}],"collection":[{"href":"http:\/\/www.perupesquero.org\/web\/wp-json\/wp\/v2\/posts"}],"about":[{"href":"http:\/\/www.perupesquero.org\/web\/wp-json\/wp\/v2\/types\/post"}],"author":[{"embeddable":true,"href":"http:\/\/www.perupesquero.org\/web\/wp-json\/wp\/v2\/users\/2"}],"replies":[{"embeddable":true,"href":"http:\/\/www.perupesquero.org\/web\/wp-json\/wp\/v2\/comments?post=25695"}],"version-history":[{"count":1,"href":"http:\/\/www.perupesquero.org\/web\/wp-json\/wp\/v2\/posts\/25695\/revisions"}],"predecessor-version":[{"id":25697,"href":"http:\/\/www.perupesquero.org\/web\/wp-json\/wp\/v2\/posts\/25695\/revisions\/25697"}],"wp:featuredmedia":[{"embeddable":true,"href":"http:\/\/www.perupesquero.org\/web\/wp-json\/wp\/v2\/media\/25696"}],"wp:attachment":[{"href":"http:\/\/www.perupesquero.org\/web\/wp-json\/wp\/v2\/media?parent=25695"}],"wp:term":[{"taxonomy":"category","embeddable":true,"href":"http:\/\/www.perupesquero.org\/web\/wp-json\/wp\/v2\/categories?post=25695"},{"taxonomy":"post_tag","embeddable":true,"href":"http:\/\/www.perupesquero.org\/web\/wp-json\/wp\/v2\/tags?post=25695"}],"curies":[{"name":"wp","href":"https:\/\/api.w.org\/{rel}","templated":true}]}}