{"id":25689,"date":"2022-07-07T18:55:47","date_gmt":"2022-07-07T23:55:47","guid":{"rendered":"http:\/\/www.perupesquero.org\/web\/?p=25689"},"modified":"2022-07-07T18:55:53","modified_gmt":"2022-07-07T23:55:53","slug":"mar-de-peru-oleajes-de-ligera-a-fuerte-intensidad-hasta-el-12-de-julio","status":"publish","type":"post","link":"http:\/\/www.perupesquero.org\/web\/mar-de-peru-oleajes-de-ligera-a-fuerte-intensidad-hasta-el-12-de-julio\/","title":{"rendered":"Mar de Per\u00fa: Oleajes de ligera a fuerte intensidad hasta el 12 de julio"},"content":{"rendered":"\n<p>El Instituto Nacional de Defensa Civil (INDECI) recomienda medidas de preparaci\u00f3n ante el Aviso Oceanogr\u00e1fico Especial N.\u00ba 56, emitido por la Direcci\u00f3n de Hidrograf\u00eda y Navegaci\u00f3n (DHN) de la Marina de Guerra del Per\u00fa, sobre la continuidad de oleajes de ligera a fuerte intensidad en todo el litoral, hasta el martes 12 de julio.\u00a0<\/p>\n\n\n\n<p>De acuerdo a dicho comunicado, en el norte persistir\u00eda el oleaje ligero, que se incrementar\u00eda a moderado durante la ma\u00f1ana del s\u00e1bado 9; mientras que, en el centro, entre Salaverry y Cerro Azul, contin\u00faa de intensidad moderada que descender\u00eda a ligera la noche del viernes 7 y volver\u00eda a moderada la madrugada del s\u00e1bado 9 julio.  Por otro lado, entre Cerro Azul a San Juan, este fen\u00f3meno se presentar\u00eda de fuerte intensidad desde el viernes 8, al igual que en litoral sur.\u00a0 <\/p>\n\n\n\n<p>Ante esta situaci\u00f3n, el INDECI exhorta a las autoridades regionales y locales orientar a la poblaci\u00f3n en cuanto a medidas de protecci\u00f3n espec\u00edficas, evitando exponerse a este fen\u00f3meno para prevenir accidentes y\/o da\u00f1os personales y materiales.\u00a0Asimismo, se recomienda suspender las actividades portuarias y de pesca, as\u00ed como asegurar las embarcaciones y\/o retirar las flotas peque\u00f1as hacia tierra firme. <\/p>\n\n\n\n<p>Adem\u00e1s, se debe evitar actividades deportivas y recreativas durante el periodo de oleaje, as\u00ed como campamentos cerca de las zonas de playa.\u00a0El INDECI, a trav\u00e9s del Centro de Operaciones de Emergencia Nacional (COEN), monitorea los departamentos del litoral peruano en coordinaci\u00f3n con las oficinas de Gesti\u00f3n del Riesgo de Desastres y la DHN, con la finalidad de brindar informaci\u00f3n a las autoridades y poblaci\u00f3n en general sobre los eventos que se presenten.<\/p>\n\n\n\n<p>Nota de prensa INDECI<\/p>\n","protected":false},"excerpt":{"rendered":"<p>El Instituto Nacional de Defensa Civil (INDECI) recomienda medidas de preparaci\u00f3n ante el Aviso Oceanogr\u00e1fico Especial N.\u00ba 56, emitido por la Direcci\u00f3n de Hidrograf\u00eda y Navegaci\u00f3n (DHN) de la Marina de Guerra del Per\u00fa, sobre la continuidad de oleajes de ligera a fuerte intensidad en todo el litoral, hasta el martes 12 de julio.\u00a0 De [&hellip;]<\/p>\n","protected":false},"author":2,"featured_media":25690,"comment_status":"open","ping_status":"open","sticky":false,"template":"","format":"standard","meta":{"footnotes":""},"categories":[63],"tags":[],"class_list":["post-25689","post","type-post","status-publish","format-standard","has-post-thumbnail","hentry","category-noticias"],"_links":{"self":[{"href":"http:\/\/www.perupesquero.org\/web\/wp-json\/wp\/v2\/posts\/25689","targetHints":{"allow":["GET"]}}],"collection":[{"href":"http:\/\/www.perupesquero.org\/web\/wp-json\/wp\/v2\/posts"}],"about":[{"href":"http:\/\/www.perupesquero.org\/web\/wp-json\/wp\/v2\/types\/post"}],"author":[{"embeddable":true,"href":"http:\/\/www.perupesquero.org\/web\/wp-json\/wp\/v2\/users\/2"}],"replies":[{"embeddable":true,"href":"http:\/\/www.perupesquero.org\/web\/wp-json\/wp\/v2\/comments?post=25689"}],"version-history":[{"count":2,"href":"http:\/\/www.perupesquero.org\/web\/wp-json\/wp\/v2\/posts\/25689\/revisions"}],"predecessor-version":[{"id":25692,"href":"http:\/\/www.perupesquero.org\/web\/wp-json\/wp\/v2\/posts\/25689\/revisions\/25692"}],"wp:featuredmedia":[{"embeddable":true,"href":"http:\/\/www.perupesquero.org\/web\/wp-json\/wp\/v2\/media\/25690"}],"wp:attachment":[{"href":"http:\/\/www.perupesquero.org\/web\/wp-json\/wp\/v2\/media?parent=25689"}],"wp:term":[{"taxonomy":"category","embeddable":true,"href":"http:\/\/www.perupesquero.org\/web\/wp-json\/wp\/v2\/categories?post=25689"},{"taxonomy":"post_tag","embeddable":true,"href":"http:\/\/www.perupesquero.org\/web\/wp-json\/wp\/v2\/tags?post=25689"}],"curies":[{"name":"wp","href":"https:\/\/api.w.org\/{rel}","templated":true}]}}