{"id":25661,"date":"2022-07-06T19:28:59","date_gmt":"2022-07-07T00:28:59","guid":{"rendered":"http:\/\/www.perupesquero.org\/web\/?p=25661"},"modified":"2022-07-06T21:16:15","modified_gmt":"2022-07-07T02:16:15","slug":"chimbote-pescadores-artesanales-inician-paro-en-rechazo-al-proyecto-de-nueva-ley-de-pesca","status":"publish","type":"post","link":"http:\/\/www.perupesquero.org\/web\/chimbote-pescadores-artesanales-inician-paro-en-rechazo-al-proyecto-de-nueva-ley-de-pesca\/","title":{"rendered":"Chimbote: Pescadores artesanales inician paro en rechazo al proyecto de nueva Ley de Pesca"},"content":{"rendered":"\n<p>Los pescadores artesanales y de menor escala de Chimbote, anunciaron hoy que iniciaran ma\u00f1ana 7 de julio, un paro indefinido en se\u00f1al de rechazo a la propuesta del proyecto de la nueva Ley General de Pesca que la Comisi\u00f3n de Producci\u00f3n y Pymes del Congreso de la Rep\u00fablica presidida por Bernardo Jaime Quito Sarmiento, legislador de Per\u00fa Libre, viene publicitando.<\/p>\n\n\n\n<p>Joaqu\u00edn Cruz Navarro, dirigente de los&nbsp;pescadores artesanales&nbsp;de&nbsp;Chimbote, dijo que, el proyecto afectar\u00e1 al Consumo Humano Directo y a las cadenas productivas, ya que solo gira acorde de los intereses de ciertas ONGs y los excluye de su reactivaci\u00f3n.<\/p>\n\n\n\n<p>\u201cTras reunirnos con todos los\u00a0gremios de la pesca artesanal y de menor escala, tomamos la decisi\u00f3n de\u00a0declararse en paro indefinido desde ma\u00f1ana por los atropellos en toda la pesca peruana.\u00a0 Estamos peor que antes, de qu\u00e9 vale una nueva Ley General de Pesca si en ella no reflejar\u00e1 nuestro sentir tampoco la problem\u00e1tica de las actividades pesqueras, por el contrario, nos quieren desaparecer y eso no lo vamos a permitir\u201d, se\u00f1al\u00f3 en di\u00e1logo con PERUPESQUERO. <\/p>\n\n\n\n<p>A\u00f1adi\u00f3 que, la acci\u00f3n de lucha no solo abarcar\u00e1 Chimbote sino tambi\u00e9n ser\u00e1 hasta puerto Huarmey, continuando en Lima y los alrededores del Congreso. \u201cLos pescadores hemos originados grandes huelgas en \u00e9pocas bastante dif\u00edciles, por lo que no nos asusta este escenario complicado pol\u00edticamente, si se trata de defender nuestras actividades, fuente generadora de empleo para miles y miles de chimbotanos iremos hasta las \u00faltimas consecuencias, detall\u00f3.<\/p>\n\n\n\n<p>Cierre del congreso<\/p>\n\n\n\n<p>Asimismo, los pescadores del Consumo Humano Directo solicitan el cierre del congreso, porque aseguran que uno de los elementales problemas en la pol\u00edtica nacional es la permanencia de los congresistas que viven de espaldas a las necesidades del pueblo.<\/p>\n\n\n\n<p><\/p>\n","protected":false},"excerpt":{"rendered":"<p>Los pescadores artesanales y de menor escala de Chimbote, anunciaron hoy que iniciaran ma\u00f1ana 7 de julio, un paro indefinido en se\u00f1al de rechazo a la propuesta del proyecto de la nueva Ley General de Pesca que la Comisi\u00f3n de Producci\u00f3n y Pymes del Congreso de la Rep\u00fablica presidida por Bernardo Jaime Quito Sarmiento, legislador [&hellip;]<\/p>\n","protected":false},"author":2,"featured_media":25662,"comment_status":"open","ping_status":"open","sticky":false,"template":"","format":"standard","meta":{"footnotes":""},"categories":[63],"tags":[],"class_list":["post-25661","post","type-post","status-publish","format-standard","has-post-thumbnail","hentry","category-noticias"],"_links":{"self":[{"href":"http:\/\/www.perupesquero.org\/web\/wp-json\/wp\/v2\/posts\/25661","targetHints":{"allow":["GET"]}}],"collection":[{"href":"http:\/\/www.perupesquero.org\/web\/wp-json\/wp\/v2\/posts"}],"about":[{"href":"http:\/\/www.perupesquero.org\/web\/wp-json\/wp\/v2\/types\/post"}],"author":[{"embeddable":true,"href":"http:\/\/www.perupesquero.org\/web\/wp-json\/wp\/v2\/users\/2"}],"replies":[{"embeddable":true,"href":"http:\/\/www.perupesquero.org\/web\/wp-json\/wp\/v2\/comments?post=25661"}],"version-history":[{"count":3,"href":"http:\/\/www.perupesquero.org\/web\/wp-json\/wp\/v2\/posts\/25661\/revisions"}],"predecessor-version":[{"id":25667,"href":"http:\/\/www.perupesquero.org\/web\/wp-json\/wp\/v2\/posts\/25661\/revisions\/25667"}],"wp:featuredmedia":[{"embeddable":true,"href":"http:\/\/www.perupesquero.org\/web\/wp-json\/wp\/v2\/media\/25662"}],"wp:attachment":[{"href":"http:\/\/www.perupesquero.org\/web\/wp-json\/wp\/v2\/media?parent=25661"}],"wp:term":[{"taxonomy":"category","embeddable":true,"href":"http:\/\/www.perupesquero.org\/web\/wp-json\/wp\/v2\/categories?post=25661"},{"taxonomy":"post_tag","embeddable":true,"href":"http:\/\/www.perupesquero.org\/web\/wp-json\/wp\/v2\/tags?post=25661"}],"curies":[{"name":"wp","href":"https:\/\/api.w.org\/{rel}","templated":true}]}}