{"id":25658,"date":"2022-07-06T00:17:10","date_gmt":"2022-07-06T05:17:10","guid":{"rendered":"http:\/\/www.perupesquero.org\/web\/?p=25658"},"modified":"2022-07-06T00:17:11","modified_gmt":"2022-07-06T05:17:11","slug":"imarpe-58-anos-desarrollando-ciencia-para-el-uso-sostenible-de-los-recursos-hidrobiologicos-del-pais","status":"publish","type":"post","link":"http:\/\/www.perupesquero.org\/web\/imarpe-58-anos-desarrollando-ciencia-para-el-uso-sostenible-de-los-recursos-hidrobiologicos-del-pais\/","title":{"rendered":"IMARPE: 58 a\u00f1os desarrollando ciencia para el uso sostenible de los recursos hidrobiol\u00f3gicos del pa\u00eds"},"content":{"rendered":"\n<p>El Instituto del Mar del Per\u00fa- IMARPE, Organismo T\u00e9cnico Especializado del Ministerio de la Producci\u00f3n, conmemor\u00f3 el 1ero de julio 58 a\u00f1os de vida institucional y de trayectoria, que le permite ostentar el liderazgo en las investigaciones sobre los ecosistemas marinos y aguas continentales.&nbsp;<\/p>\n\n\n\n<p>Se le reconoce como una entidad de nivel cient\u00edfico confiable y reconocida internacionalmente, y que contribuye al desarrollo sostenible de las pesquer\u00edas y de la acuicultura, constituy\u00e9ndose en el ente fundamental en la toma de decisiones, asesorando permanentemente al Estado, para la administraci\u00f3n de los recursos pesqueros.<\/p>\n\n\n\n<p>En el marco de este aniversario, se llevaron a cabo diversas actividades de \u00edndole protocolar, cient\u00edfica y de capacitaci\u00f3n organizadas por la alta direcci\u00f3n institucional.<\/p>\n\n\n\n<p>El 27 de junio el personal tom\u00f3 parte del Webinar cient\u00edfico sobre las investigaciones realizadas en respuesta al derrame de petr\u00f3leo en Ventanilla, y que se vienen realizando con el objetivo de conocer los efectos del derrame de petr\u00f3leo crudo en el ecosistema e identificar los da\u00f1os sobre la fauna y flora, as\u00ed como en la calidad acu\u00e1tica de la zona afectada en el litoral.<\/p>\n\n\n\n<p>Asimismo, el 28 de junio se realiz\u00f3 la Misa de Acci\u00f3n de Gracias en la Parroquia Sagrado Coraz\u00f3n de Jes\u00fas, ubicada en el distrito de La Punta, Callao, la cual fue oficiada por Monse\u00f1or Jorge Escorcia Angarita, Vicario de La Punta.<\/p>\n\n\n\n<p>En ceremonia realizada el 30 de junio, se hizo entrega de la obra completa de &#8220;Mejoramiento del servicio de desembarcadero para el manejo de muestras de investigaci\u00f3n en la sede central del IMARPE&#8221; la cual estuvo presidida por las principales autoridades del instituto. El Director Ejecutivo Cient\u00edfico del IMARPE destac\u00f3 la importancia de esta obra para las actividades de observaci\u00f3n directa del mar y tuvo a su cargo la develaci\u00f3n de la placa recordatoria correspondiente junto con el doctor Christian Berger, miembro del Consejo Directivo del IMARPE.<\/p>\n\n\n\n<p>El acto protocolar cont\u00f3 con la presencia de los congresistas Miguel Ciccia y Arturo Alegr\u00eda, el Sr. Ram\u00f3n Garay, Alcalde de La Punta, la Sra. Patricia Ocampo Escalante, Directora General de la Direcci\u00f3n de Pesca Artesanal del PRODUCE, los miembros del Consejo Directivo del IMARPE, representantes del gobierno Regional del Callao, la ENAMM y la Comisar\u00eda de La Punta.<\/p>\n\n\n\n<p>El programa incluy\u00f3 adem\u00e1s una visita guiada a bordo del BIC \u201cHumboldt\u201d en donde los investigadores de las diversas l\u00edneas cient\u00edficas explicaron el trabajo que se lleva a cabo durante los cruceros de investigaci\u00f3n de recursos pel\u00e1gicos, demersales y oceanogr\u00e1ficos.&nbsp;<\/p>\n\n\n\n<p>Finalmente, el viernes 1 de julio, las y los colaboradores participaron en el Taller de Integraci\u00f3n y Fortalecimiento de los equipos de trabajo del IMARPE, actividad que consisti\u00f3 en din\u00e1micas grupales que fomentan el trabajo en equipo y fortalecen los valores institucionales.<\/p>\n\n\n\n<p>Nota de prensa Imarpe<\/p>\n","protected":false},"excerpt":{"rendered":"<p>El Instituto del Mar del Per\u00fa- IMARPE, Organismo T\u00e9cnico Especializado del Ministerio de la Producci\u00f3n, conmemor\u00f3 el 1ero de julio 58 a\u00f1os de vida institucional y de trayectoria, que le permite ostentar el liderazgo en las investigaciones sobre los ecosistemas marinos y aguas continentales.&nbsp; Se le reconoce como una entidad de nivel cient\u00edfico confiable y [&hellip;]<\/p>\n","protected":false},"author":2,"featured_media":25659,"comment_status":"open","ping_status":"open","sticky":false,"template":"","format":"standard","meta":{"footnotes":""},"categories":[63],"tags":[],"class_list":["post-25658","post","type-post","status-publish","format-standard","has-post-thumbnail","hentry","category-noticias"],"_links":{"self":[{"href":"http:\/\/www.perupesquero.org\/web\/wp-json\/wp\/v2\/posts\/25658","targetHints":{"allow":["GET"]}}],"collection":[{"href":"http:\/\/www.perupesquero.org\/web\/wp-json\/wp\/v2\/posts"}],"about":[{"href":"http:\/\/www.perupesquero.org\/web\/wp-json\/wp\/v2\/types\/post"}],"author":[{"embeddable":true,"href":"http:\/\/www.perupesquero.org\/web\/wp-json\/wp\/v2\/users\/2"}],"replies":[{"embeddable":true,"href":"http:\/\/www.perupesquero.org\/web\/wp-json\/wp\/v2\/comments?post=25658"}],"version-history":[{"count":1,"href":"http:\/\/www.perupesquero.org\/web\/wp-json\/wp\/v2\/posts\/25658\/revisions"}],"predecessor-version":[{"id":25660,"href":"http:\/\/www.perupesquero.org\/web\/wp-json\/wp\/v2\/posts\/25658\/revisions\/25660"}],"wp:featuredmedia":[{"embeddable":true,"href":"http:\/\/www.perupesquero.org\/web\/wp-json\/wp\/v2\/media\/25659"}],"wp:attachment":[{"href":"http:\/\/www.perupesquero.org\/web\/wp-json\/wp\/v2\/media?parent=25658"}],"wp:term":[{"taxonomy":"category","embeddable":true,"href":"http:\/\/www.perupesquero.org\/web\/wp-json\/wp\/v2\/categories?post=25658"},{"taxonomy":"post_tag","embeddable":true,"href":"http:\/\/www.perupesquero.org\/web\/wp-json\/wp\/v2\/tags?post=25658"}],"curies":[{"name":"wp","href":"https:\/\/api.w.org\/{rel}","templated":true}]}}