{"id":25655,"date":"2022-07-06T00:04:06","date_gmt":"2022-07-06T05:04:06","guid":{"rendered":"http:\/\/www.perupesquero.org\/web\/?p=25655"},"modified":"2022-07-06T00:04:07","modified_gmt":"2022-07-06T05:04:07","slug":"indeci-coorganiza-foro-sobre-la-gestion-del-riesgo-de-desastres-con-un-enfoque-inclusivo","status":"publish","type":"post","link":"http:\/\/www.perupesquero.org\/web\/indeci-coorganiza-foro-sobre-la-gestion-del-riesgo-de-desastres-con-un-enfoque-inclusivo\/","title":{"rendered":"INDECI coorganiza Foro sobre la Gesti\u00f3n del Riesgo de Desastres con un enfoque inclusivo"},"content":{"rendered":"\n<p>Los desastres afectan a toda la poblaci\u00f3n, con una misma intensidad, pero con diferentes consecuencias. Para determinado grupo de mujeres, ni\u00f1os, personas con discapacidad, personas mayores y pueblos ind\u00edgenas, las consecuencias suelen ser peores. Muchas respuestas ante estas emergencias se quedan cortas por falta de conocimiento de las condiciones particulares de estos grupos m\u00e1s vulnerables.&nbsp;<\/p>\n\n\n\n<p>Para afrontar este aspecto, mitigar el riesgo y preparar a esos grupos vulnerables, este 07 de julio, expertos internacionales y l\u00edderes de diversas comunidades de Paraguay, Colombia, Ecuador, Bolivia y Per\u00fa estar\u00e1n compartiendo sus experiencias en la gesti\u00f3n inclusiva de desastres en el \u201cForo Internacional: Preparaci\u00f3n inclusiva frente a los desastres. Experiencias en contextos ind\u00edgenas y con grupos de mayor riesgo\u201d. Este evento tiene por finalidad abrir un espacio de intercambio y aprendizajes importantes para promover la inclusi\u00f3n.<\/p>\n\n\n\n<p>El Foro forma parte del proyecto PIRE \u2013 Preparaci\u00f3n Inclusiva \u2013 Respuesta Efectiva, que desde hace un a\u00f1o viene ejecutando en nuestro pa\u00eds las ONGs Humanity &amp; Inclusi\u00f3n, Plan Internacional y Cooperazione Internazionale (COOPI), con el financiamiento de la Uni\u00f3n Europea y en alianza con el INDECI, CENEPRED, la Universidad Nacional Mayor de San Marcos (UNMSM) y RIADIS (Red Latinoamericana de Organizaciones de Personas con Discapacidad).&nbsp;<\/p>\n\n\n\n<p>Los desastres afectan en forma diferenciada a las personas y grupos sociales, pues estos presentan diferentes tipos y grados de vulnerabilidad. De igual forma, las personas cuentan con diferentes capacidades para enfrentar las amenazas y peligros. Entender las causas de las vulnerabilidades y promover las capacidades de cada persona permite reducir el riesgo y construir comunidades m\u00e1s resilientes.&nbsp;<\/p>\n\n\n\n<p>El evento es de ingreso libre (previa inscripci\u00f3n) y se desarrollar\u00e1 en las instalaciones del Centro de Operaciones de Emergencia Nacional (COEN), ubicado en Chorrillos. El evento tendr\u00e1 un formato h\u00edbrido y tambi\u00e9n podr\u00e1n seguirlo a trav\u00e9s del fanpage de: Humanity &amp; Inclusion Per\u00fa &#8211; Programa Am\u00e9rica Latina, INDECI y la UNMSM. Las personas interesadas pueden inscribirse en:\u00a0<a rel=\"noreferrer noopener\" href=\"https:\/\/forms.gle\/wAXcUWQzaayPfhtT7\" target=\"_blank\">https:\/\/forms.gle\/wAXcUWQzaayPfhtT7<br><\/a><br>Oficina General de Comunicaci\u00f3n Social<\/p>\n","protected":false},"excerpt":{"rendered":"<p>Los desastres afectan a toda la poblaci\u00f3n, con una misma intensidad, pero con diferentes consecuencias. Para determinado grupo de mujeres, ni\u00f1os, personas con discapacidad, personas mayores y pueblos ind\u00edgenas, las consecuencias suelen ser peores. Muchas respuestas ante estas emergencias se quedan cortas por falta de conocimiento de las condiciones particulares de estos grupos m\u00e1s vulnerables.&nbsp; [&hellip;]<\/p>\n","protected":false},"author":2,"featured_media":25656,"comment_status":"open","ping_status":"open","sticky":false,"template":"","format":"standard","meta":{"footnotes":""},"categories":[63],"tags":[],"class_list":["post-25655","post","type-post","status-publish","format-standard","has-post-thumbnail","hentry","category-noticias"],"_links":{"self":[{"href":"http:\/\/www.perupesquero.org\/web\/wp-json\/wp\/v2\/posts\/25655","targetHints":{"allow":["GET"]}}],"collection":[{"href":"http:\/\/www.perupesquero.org\/web\/wp-json\/wp\/v2\/posts"}],"about":[{"href":"http:\/\/www.perupesquero.org\/web\/wp-json\/wp\/v2\/types\/post"}],"author":[{"embeddable":true,"href":"http:\/\/www.perupesquero.org\/web\/wp-json\/wp\/v2\/users\/2"}],"replies":[{"embeddable":true,"href":"http:\/\/www.perupesquero.org\/web\/wp-json\/wp\/v2\/comments?post=25655"}],"version-history":[{"count":1,"href":"http:\/\/www.perupesquero.org\/web\/wp-json\/wp\/v2\/posts\/25655\/revisions"}],"predecessor-version":[{"id":25657,"href":"http:\/\/www.perupesquero.org\/web\/wp-json\/wp\/v2\/posts\/25655\/revisions\/25657"}],"wp:featuredmedia":[{"embeddable":true,"href":"http:\/\/www.perupesquero.org\/web\/wp-json\/wp\/v2\/media\/25656"}],"wp:attachment":[{"href":"http:\/\/www.perupesquero.org\/web\/wp-json\/wp\/v2\/media?parent=25655"}],"wp:term":[{"taxonomy":"category","embeddable":true,"href":"http:\/\/www.perupesquero.org\/web\/wp-json\/wp\/v2\/categories?post=25655"},{"taxonomy":"post_tag","embeddable":true,"href":"http:\/\/www.perupesquero.org\/web\/wp-json\/wp\/v2\/tags?post=25655"}],"curies":[{"name":"wp","href":"https:\/\/api.w.org\/{rel}","templated":true}]}}