{"id":25642,"date":"2022-07-03T16:24:12","date_gmt":"2022-07-03T21:24:12","guid":{"rendered":"http:\/\/www.perupesquero.org\/web\/?p=25642"},"modified":"2022-07-03T16:24:13","modified_gmt":"2022-07-03T21:24:13","slug":"mar-de-grau-oleajes-anomalos-continuaran-hasta-el-6-de-julio","status":"publish","type":"post","link":"http:\/\/www.perupesquero.org\/web\/mar-de-grau-oleajes-anomalos-continuaran-hasta-el-6-de-julio\/","title":{"rendered":"Mar de Grau: Oleajes an\u00f3malos continuar\u00e1n hasta el 6 de julio"},"content":{"rendered":"\n<p>El Instituto Nacional de Defensa Civil (INDECI) recomienda medidas de preparaci\u00f3n ante el Aviso Oceanogr\u00e1fico Especial N.\u00ba 53, emitido por la Direcci\u00f3n de Hidrograf\u00eda y Navegaci\u00f3n (DHN) de la Marina de Guerra del Per\u00fa, sobre la continuidad de oleajes de ligera a moderada intensidad en el todo el litoral hasta el mi\u00e9rcoles 6 de julio.<\/p>\n\n\n\n<p>De acuerdo a dicho comunicado, en el norte persistir\u00eda este fen\u00f3meno de forma ligera, mientras que, en el litoral centro, entre Salaverry a Cerro Azul, iniciar\u00eda a partir de la tarde del lunes 4 y se incrementar\u00eda a moderado en la noche del martes 5. En tanto, entre Cerro Azul a San Juan, los oleajes ligeros ocurrir\u00edan desde el domingo 3, increment\u00e1ndose a moderado en la noche del lunes 4 de julio.&nbsp;<\/p>\n\n\n\n<p>Finalmente, en el litoral sur se prev\u00e9 que los oleajes ligeros se presenten durante la madrugada del lunes 4 y se incrementar\u00edan a moderados en la madrugada del martes 5. El horizonte predictivo del estado del mar en la zona costera es hasta el mi\u00e9rcoles 6 de julio.<\/p>\n\n\n\n<p>Ante esta situaci\u00f3n, el INDECI exhorta a las autoridades regionales y locales orientar a la poblaci\u00f3n en cuanto a medidas de protecci\u00f3n espec\u00edficas, evitando exponerse a este fen\u00f3meno para prevenir accidentes y\/o da\u00f1os personales y materiales.<\/p>\n\n\n\n<p>Asimismo, se recomienda suspender las actividades portuarias y de pesca, as\u00ed como asegurar las embarcaciones y\/o retirar las flotas peque\u00f1as hacia tierra firme. Adem\u00e1s, se debe evitar actividades deportivas y recreativas durante el periodo de oleaje, as\u00ed como campamentos cerca de las zonas de playa.<\/p>\n\n\n\n<p>El INDECI, a trav\u00e9s del Centro de Operaciones de Emergencia Nacional (COEN), monitorea los departamentos del litoral peruano en coordinaci\u00f3n con las oficinas de Gesti\u00f3n del Riesgo de Desastres y la DHN, con la finalidad de brindar informaci\u00f3n a las autoridades y poblaci\u00f3n en general sobre los eventos que se presenten. <\/p>\n\n\n\n<p>Nota de prensa INDECI<\/p>\n","protected":false},"excerpt":{"rendered":"<p>El Instituto Nacional de Defensa Civil (INDECI) recomienda medidas de preparaci\u00f3n ante el Aviso Oceanogr\u00e1fico Especial N.\u00ba 53, emitido por la Direcci\u00f3n de Hidrograf\u00eda y Navegaci\u00f3n (DHN) de la Marina de Guerra del Per\u00fa, sobre la continuidad de oleajes de ligera a moderada intensidad en el todo el litoral hasta el mi\u00e9rcoles 6 de julio. [&hellip;]<\/p>\n","protected":false},"author":2,"featured_media":25643,"comment_status":"open","ping_status":"open","sticky":false,"template":"","format":"standard","meta":{"footnotes":""},"categories":[63],"tags":[],"class_list":["post-25642","post","type-post","status-publish","format-standard","has-post-thumbnail","hentry","category-noticias"],"_links":{"self":[{"href":"http:\/\/www.perupesquero.org\/web\/wp-json\/wp\/v2\/posts\/25642","targetHints":{"allow":["GET"]}}],"collection":[{"href":"http:\/\/www.perupesquero.org\/web\/wp-json\/wp\/v2\/posts"}],"about":[{"href":"http:\/\/www.perupesquero.org\/web\/wp-json\/wp\/v2\/types\/post"}],"author":[{"embeddable":true,"href":"http:\/\/www.perupesquero.org\/web\/wp-json\/wp\/v2\/users\/2"}],"replies":[{"embeddable":true,"href":"http:\/\/www.perupesquero.org\/web\/wp-json\/wp\/v2\/comments?post=25642"}],"version-history":[{"count":1,"href":"http:\/\/www.perupesquero.org\/web\/wp-json\/wp\/v2\/posts\/25642\/revisions"}],"predecessor-version":[{"id":25644,"href":"http:\/\/www.perupesquero.org\/web\/wp-json\/wp\/v2\/posts\/25642\/revisions\/25644"}],"wp:featuredmedia":[{"embeddable":true,"href":"http:\/\/www.perupesquero.org\/web\/wp-json\/wp\/v2\/media\/25643"}],"wp:attachment":[{"href":"http:\/\/www.perupesquero.org\/web\/wp-json\/wp\/v2\/media?parent=25642"}],"wp:term":[{"taxonomy":"category","embeddable":true,"href":"http:\/\/www.perupesquero.org\/web\/wp-json\/wp\/v2\/categories?post=25642"},{"taxonomy":"post_tag","embeddable":true,"href":"http:\/\/www.perupesquero.org\/web\/wp-json\/wp\/v2\/tags?post=25642"}],"curies":[{"name":"wp","href":"https:\/\/api.w.org\/{rel}","templated":true}]}}