{"id":25625,"date":"2022-06-30T21:49:20","date_gmt":"2022-07-01T02:49:20","guid":{"rendered":"http:\/\/www.perupesquero.org\/web\/?p=25625"},"modified":"2022-06-30T21:49:32","modified_gmt":"2022-07-01T02:49:32","slug":"mar-de-grau-continua-oleajes-de-ligera-intensidad-hasta-el-3-de-julio","status":"publish","type":"post","link":"http:\/\/www.perupesquero.org\/web\/mar-de-grau-continua-oleajes-de-ligera-intensidad-hasta-el-3-de-julio\/","title":{"rendered":"Mar de Grau: Continua oleajes de ligera intensidad hasta el 3 de julio"},"content":{"rendered":"\n<p>El Instituto Nacional de Defensa Civil (INDECI) recomienda medidas de preparaci\u00f3n ante el Aviso Oceanogr\u00e1fico Especial N.\u00ba 51, emitido por la Direcci\u00f3n de Hidrograf\u00eda y Navegaci\u00f3n (DHN) de la Marina de Guerra del Per\u00fa, sobre la continuidad de oleajes de ligera intensidad en el litoral centro y norte, hasta el domingo 3 de julio.\u00a0<\/p>\n\n\n\n<p>De acuerdo a dicho comunicado, en el litoral centro persistir\u00eda este fen\u00f3meno entre Chancay y San Juan, al igual que en el litoral norte. Cabe mencionar que el resto del litoral presentar\u00eda condiciones normales <\/p>\n\n\n\n<p>Ante esta situaci\u00f3n, el INDECI exhorta a las autoridades regionales y locales orientar a la poblaci\u00f3n en cuanto a medidas de protecci\u00f3n espec\u00edficas, evitando exponerse a este fen\u00f3meno para prevenir accidentes y\/o da\u00f1os personales y materiales.\u00a0<\/p>\n\n\n\n<p>Asimismo, se recomienda suspender las actividades portuarias y de pesca, as\u00ed como asegurar las embarcaciones y\/o retirar las flotas peque\u00f1as hacia tierra firme. Adem\u00e1s, se debe evitar actividades deportivas y recreativas durante el periodo de oleaje, as\u00ed como campamentos cerca de las zonas de playa.\u00a0<\/p>\n\n\n\n<p>El INDECI, a trav\u00e9s del Centro de Operaciones de Emergencia Nacional (COEN), monitorea los departamentos del litoral peruano en coordinaci\u00f3n con las oficinas de Gesti\u00f3n del Riesgo de Desastres y la DHN, con la finalidad de brindar informaci\u00f3n a las autoridades y poblaci\u00f3n en general sobre los eventos que se presenten.<\/p>\n\n\n\n<p>Nota de prensa INDECI<\/p>\n","protected":false},"excerpt":{"rendered":"<p>El Instituto Nacional de Defensa Civil (INDECI) recomienda medidas de preparaci\u00f3n ante el Aviso Oceanogr\u00e1fico Especial N.\u00ba 51, emitido por la Direcci\u00f3n de Hidrograf\u00eda y Navegaci\u00f3n (DHN) de la Marina de Guerra del Per\u00fa, sobre la continuidad de oleajes de ligera intensidad en el litoral centro y norte, hasta el domingo 3 de julio.\u00a0 De [&hellip;]<\/p>\n","protected":false},"author":2,"featured_media":25626,"comment_status":"open","ping_status":"open","sticky":false,"template":"","format":"standard","meta":{"footnotes":""},"categories":[63],"tags":[],"class_list":["post-25625","post","type-post","status-publish","format-standard","has-post-thumbnail","hentry","category-noticias"],"_links":{"self":[{"href":"http:\/\/www.perupesquero.org\/web\/wp-json\/wp\/v2\/posts\/25625","targetHints":{"allow":["GET"]}}],"collection":[{"href":"http:\/\/www.perupesquero.org\/web\/wp-json\/wp\/v2\/posts"}],"about":[{"href":"http:\/\/www.perupesquero.org\/web\/wp-json\/wp\/v2\/types\/post"}],"author":[{"embeddable":true,"href":"http:\/\/www.perupesquero.org\/web\/wp-json\/wp\/v2\/users\/2"}],"replies":[{"embeddable":true,"href":"http:\/\/www.perupesquero.org\/web\/wp-json\/wp\/v2\/comments?post=25625"}],"version-history":[{"count":2,"href":"http:\/\/www.perupesquero.org\/web\/wp-json\/wp\/v2\/posts\/25625\/revisions"}],"predecessor-version":[{"id":25628,"href":"http:\/\/www.perupesquero.org\/web\/wp-json\/wp\/v2\/posts\/25625\/revisions\/25628"}],"wp:featuredmedia":[{"embeddable":true,"href":"http:\/\/www.perupesquero.org\/web\/wp-json\/wp\/v2\/media\/25626"}],"wp:attachment":[{"href":"http:\/\/www.perupesquero.org\/web\/wp-json\/wp\/v2\/media?parent=25625"}],"wp:term":[{"taxonomy":"category","embeddable":true,"href":"http:\/\/www.perupesquero.org\/web\/wp-json\/wp\/v2\/categories?post=25625"},{"taxonomy":"post_tag","embeddable":true,"href":"http:\/\/www.perupesquero.org\/web\/wp-json\/wp\/v2\/tags?post=25625"}],"curies":[{"name":"wp","href":"https:\/\/api.w.org\/{rel}","templated":true}]}}