{"id":25588,"date":"2022-06-27T16:53:09","date_gmt":"2022-06-27T21:53:09","guid":{"rendered":"http:\/\/www.perupesquero.org\/web\/?p=25588"},"modified":"2022-06-27T16:53:10","modified_gmt":"2022-06-27T21:53:10","slug":"piura-manana-28-de-junio-se-realizara-el-primer-festival-del-cebiche","status":"publish","type":"post","link":"http:\/\/www.perupesquero.org\/web\/piura-manana-28-de-junio-se-realizara-el-primer-festival-del-cebiche\/","title":{"rendered":"Piura: Ma\u00f1ana 28 de junio se realizar\u00e1 el primer festival del cebiche"},"content":{"rendered":"\n<p>Cocina en vivo y degustaci\u00f3n de platos gastron\u00f3micos.<\/p>\n\n\n\n<p>En el marco de las celebraciones por el D\u00eda del Cebiche y con el objetivo de promover el consumo de productos hidrobiol\u00f3gicos y reactivar la econom\u00eda de los productores, asociaciones u organizaciones de pescadores artesanales y empresas del sector pesquero y acu\u00edcola, el Instituto Tecnol\u00f3gico de la Producci\u00f3n (ITP) \u00f3rgano adscrito al Ministerio de la Producci\u00f3n (Produce) a trav\u00e9s del CITEpesquero Piura en alianza estrat\u00e9gica con la Municipalidad Distrital Veintis\u00e9is de Octubre, organizan este martes 28 de junio el I Festival del Cebiche.<\/p>\n\n\n\n<p>El evento a desarrollarse frente al Mercado San Jos\u00e9, ubicado en el distrito octubrino, se iniciar\u00e1 a las 10:00 A.M. con el concurso de El Mejor Cebiche, donde diversos restaurantes del distrito octubrino concursar\u00e1n por ser el mejor, adem\u00e1s se presentar\u00e1 una cocina en vivo y degustaci\u00f3n gastron\u00f3mica.<\/p>\n\n\n\n<p>Adem\u00e1s, los asistentes podr\u00e1n deleitarse con un show art\u00edstico para algarab\u00eda de los piuranos.<\/p>\n\n\n\n<p> Nota de prensa CITEpesquero Piura <\/p>\n","protected":false},"excerpt":{"rendered":"<p>Cocina en vivo y degustaci\u00f3n de platos gastron\u00f3micos. En el marco de las celebraciones por el D\u00eda del Cebiche y con el objetivo de promover el consumo de productos hidrobiol\u00f3gicos y reactivar la econom\u00eda de los productores, asociaciones u organizaciones de pescadores artesanales y empresas del sector pesquero y acu\u00edcola, el Instituto Tecnol\u00f3gico de la [&hellip;]<\/p>\n","protected":false},"author":2,"featured_media":25591,"comment_status":"open","ping_status":"open","sticky":false,"template":"","format":"standard","meta":{"footnotes":""},"categories":[63],"tags":[],"class_list":["post-25588","post","type-post","status-publish","format-standard","has-post-thumbnail","hentry","category-noticias"],"_links":{"self":[{"href":"http:\/\/www.perupesquero.org\/web\/wp-json\/wp\/v2\/posts\/25588","targetHints":{"allow":["GET"]}}],"collection":[{"href":"http:\/\/www.perupesquero.org\/web\/wp-json\/wp\/v2\/posts"}],"about":[{"href":"http:\/\/www.perupesquero.org\/web\/wp-json\/wp\/v2\/types\/post"}],"author":[{"embeddable":true,"href":"http:\/\/www.perupesquero.org\/web\/wp-json\/wp\/v2\/users\/2"}],"replies":[{"embeddable":true,"href":"http:\/\/www.perupesquero.org\/web\/wp-json\/wp\/v2\/comments?post=25588"}],"version-history":[{"count":1,"href":"http:\/\/www.perupesquero.org\/web\/wp-json\/wp\/v2\/posts\/25588\/revisions"}],"predecessor-version":[{"id":25592,"href":"http:\/\/www.perupesquero.org\/web\/wp-json\/wp\/v2\/posts\/25588\/revisions\/25592"}],"wp:featuredmedia":[{"embeddable":true,"href":"http:\/\/www.perupesquero.org\/web\/wp-json\/wp\/v2\/media\/25591"}],"wp:attachment":[{"href":"http:\/\/www.perupesquero.org\/web\/wp-json\/wp\/v2\/media?parent=25588"}],"wp:term":[{"taxonomy":"category","embeddable":true,"href":"http:\/\/www.perupesquero.org\/web\/wp-json\/wp\/v2\/categories?post=25588"},{"taxonomy":"post_tag","embeddable":true,"href":"http:\/\/www.perupesquero.org\/web\/wp-json\/wp\/v2\/tags?post=25588"}],"curies":[{"name":"wp","href":"https:\/\/api.w.org\/{rel}","templated":true}]}}