{"id":25562,"date":"2022-06-26T12:58:17","date_gmt":"2022-06-26T17:58:17","guid":{"rendered":"http:\/\/www.perupesquero.org\/web\/?p=25562"},"modified":"2022-06-26T12:58:18","modified_gmt":"2022-06-26T17:58:18","slug":"indeci-incremento-de-la-velocidad-de-los-vientos-desde-tumbes-hasta-arequipa","status":"publish","type":"post","link":"http:\/\/www.perupesquero.org\/web\/indeci-incremento-de-la-velocidad-de-los-vientos-desde-tumbes-hasta-arequipa\/","title":{"rendered":"INDECI: Incremento de la velocidad de los vientos desde Tumbes hasta Arequipa"},"content":{"rendered":"\n<p>SENAMHI inform\u00f3 que el fen\u00f3meno se presentar\u00eda del lunes 27 al martes 28 de junio<\/p>\n\n\n\n<p>El Instituto Nacional de Defensa Civil (INDECI) recomienda medidas de preparaci\u00f3n ante el aviso meteorol\u00f3gico N.\u00ba 126 (nivel naranja) del SENAMHI, que anuncia el incremento de la velocidad del viento en la costa desde Piura hasta Arequipa, adem\u00e1s de la Provincia Constitucional del Callao, del lunes 27 al martes 28 de junio.\u00a0<\/p>\n\n\n\n<p>De acuerdo al pron\u00f3stico, para el lunes 27 en la costa de Ica se prev\u00e9n vientos con velocidades superiores a los 41 km\/h y el martes 28 por encima de los 38 km\/h; por su parte, el resto de la costa presentar\u00eda valores pr\u00f3ximos a los 33 km\/h en ambos d\u00edas. <\/p>\n\n\n\n<p>Este fen\u00f3meno podr\u00eda generar el levantamiento de polvo y arena, as\u00ed como reducci\u00f3n de la visibilidad horizontal en Ica, principalmente; adem\u00e1s, se espera el descenso de la temperatura e incremento de la sensaci\u00f3n de fr\u00edo, cobertura nubosa, neblina y llovizna durante la noche y primeras horas de la ma\u00f1ana.\u00a0<\/p>\n\n\n\n<p>Ante esta situaci\u00f3n, el INDECI exhorta a las autoridades de los gobiernos locales y\/o regionales realizar las inspecciones t\u00e9cnicas de seguridad en edificaciones, pertinentes y necesarias, en el marco de sus competencias, para asegurar el dise\u00f1o correcto de las infraestructuras, a fin de garantizar la seguridad de la poblaci\u00f3n.\u00a0<\/p>\n\n\n\n<p>Tambi\u00e9n se recomienda asegurar y reforzar los techos de material liviano para evitar da\u00f1os en las viviendas. Es necesario colocar cintas adhesivas en forma de aspa en los vidrios de las ventanas, as\u00ed como alejarse de aparatos el\u00e9ctricos y objetos punzocortantes.\u00a0<\/p>\n\n\n\n<p>Adem\u00e1s, si la vivienda se ubica cerca de \u00e1rboles, postes el\u00e9ctricos o estructuras que puedan colapsar, se exhorta tomar las precauciones necesarias. Igualmente, se aconseja amarrar y asegurar los barcos, botes y otras embarcaciones; y alejarse de la playa, ya que las elevadas mareas y oleajes suelen generarse por la fuerte intensidad de los vientos.\u00a0<\/p>\n\n\n\n<p>El INDECI, a trav\u00e9s del Centro de Operaciones de Emergencia Nacional (COEN), monitorea las 24 horas del d\u00eda la evoluci\u00f3n de esta condici\u00f3n meteorol\u00f3gica y exhorta a las autoridades locales y regionales mantenerse activos y en coordinaci\u00f3n permanente.<\/p>\n\n\n\n<p>Nota de prensa INDECI<\/p>\n","protected":false},"excerpt":{"rendered":"<p>SENAMHI inform\u00f3 que el fen\u00f3meno se presentar\u00eda del lunes 27 al martes 28 de junio El Instituto Nacional de Defensa Civil (INDECI) recomienda medidas de preparaci\u00f3n ante el aviso meteorol\u00f3gico N.\u00ba 126 (nivel naranja) del SENAMHI, que anuncia el incremento de la velocidad del viento en la costa desde Piura hasta Arequipa, adem\u00e1s de la [&hellip;]<\/p>\n","protected":false},"author":2,"featured_media":25563,"comment_status":"open","ping_status":"open","sticky":false,"template":"","format":"standard","meta":{"footnotes":""},"categories":[63],"tags":[],"class_list":["post-25562","post","type-post","status-publish","format-standard","has-post-thumbnail","hentry","category-noticias"],"_links":{"self":[{"href":"http:\/\/www.perupesquero.org\/web\/wp-json\/wp\/v2\/posts\/25562","targetHints":{"allow":["GET"]}}],"collection":[{"href":"http:\/\/www.perupesquero.org\/web\/wp-json\/wp\/v2\/posts"}],"about":[{"href":"http:\/\/www.perupesquero.org\/web\/wp-json\/wp\/v2\/types\/post"}],"author":[{"embeddable":true,"href":"http:\/\/www.perupesquero.org\/web\/wp-json\/wp\/v2\/users\/2"}],"replies":[{"embeddable":true,"href":"http:\/\/www.perupesquero.org\/web\/wp-json\/wp\/v2\/comments?post=25562"}],"version-history":[{"count":1,"href":"http:\/\/www.perupesquero.org\/web\/wp-json\/wp\/v2\/posts\/25562\/revisions"}],"predecessor-version":[{"id":25564,"href":"http:\/\/www.perupesquero.org\/web\/wp-json\/wp\/v2\/posts\/25562\/revisions\/25564"}],"wp:featuredmedia":[{"embeddable":true,"href":"http:\/\/www.perupesquero.org\/web\/wp-json\/wp\/v2\/media\/25563"}],"wp:attachment":[{"href":"http:\/\/www.perupesquero.org\/web\/wp-json\/wp\/v2\/media?parent=25562"}],"wp:term":[{"taxonomy":"category","embeddable":true,"href":"http:\/\/www.perupesquero.org\/web\/wp-json\/wp\/v2\/categories?post=25562"},{"taxonomy":"post_tag","embeddable":true,"href":"http:\/\/www.perupesquero.org\/web\/wp-json\/wp\/v2\/tags?post=25562"}],"curies":[{"name":"wp","href":"https:\/\/api.w.org\/{rel}","templated":true}]}}