{"id":25529,"date":"2022-06-17T17:02:30","date_gmt":"2022-06-17T22:02:30","guid":{"rendered":"http:\/\/www.perupesquero.org\/web\/?p=25529"},"modified":"2022-06-17T17:02:31","modified_gmt":"2022-06-17T22:02:31","slug":"la-nina-costera-mar-peruano-continuara-frio-impactando-en-la-distribucion-de-la-anchoveta","status":"publish","type":"post","link":"http:\/\/www.perupesquero.org\/web\/la-nina-costera-mar-peruano-continuara-frio-impactando-en-la-distribucion-de-la-anchoveta\/","title":{"rendered":"La Ni\u00f1a Costera: Mar peruano continuar\u00e1 fr\u00edo impactando en la distribuci\u00f3n de la anchoveta"},"content":{"rendered":"\n<p>La Comisi\u00f3n Multisectorial del ENFEN mantiene el estado \u201cAlerta de La Ni\u00f1a costera\u201d, debido a que se espera que la temperatura superficial del mar en la regi\u00f3n Ni\u00f1o 1+2 contin\u00fae con valores por debajo de lo normal hasta agosto de 2022; siendo m\u00e1s probable la magnitud fr\u00eda d\u00e9bil.<\/p>\n\n\n\n<p>Por otro lado, se espera que contin\u00fae la presencia de La Ni\u00f1a en el Pac\u00edfico central, con una mayor probabilidad de magnitud d\u00e9bil entre junio y octubre del presente a\u00f1o.<\/p>\n\n\n\n<p>El pron\u00f3stico clim\u00e1tico para el trimestre julio-setiembre de 2022 prev\u00e9, en promedio, condiciones de lluvia dentro de sus valores normales en gran parte del pa\u00eds. Asimismo, se esperan que las temperaturas extremas del aire presenten valores por debajo de lo normal en la costa centro y sur, debido a las condiciones fr\u00edas an\u00f3malas de la temperatura superficial del mar, as\u00ed como de los patrones atmosf\u00e9ricos asociados.<\/p>\n\n\n\n<p>La permanencia de las condiciones fr\u00edas en el mar peruano favorece que la distribuci\u00f3n de la anchoveta contin\u00fae presentando una amplia cobertura espacial, as\u00ed como la presencia de especies asociadas a condiciones fr\u00edas como el camaroncito rojo o m\u00fanida. Por otro lado, se espera que el contenido graso de la anchoveta del Stock Norte-Centro se incremente de acuerdo al patr\u00f3n estacional, acumulando las reservas energ\u00e9ticas para su per\u00edodo principal se desove.<\/p>\n\n\n\n<p>Se recomienda a los tomadores de decisi\u00f3n considerar los posibles escenarios de riesgo en base al pron\u00f3stico clim\u00e1tico vigente.<\/p>\n\n\n\n<p>La Comisi\u00f3n Multisectorial del ENFEN continuar\u00e1 monitoreando e informando sobre la evoluci\u00f3n de las condiciones oce\u00e1nicas-atmosf\u00e9ricas y actualizando las perspectivas. La emisi\u00f3n del pr\u00f3ximo informe t\u00e9cnico ser\u00e1 el 15 de julio de 2022.<\/p>\n\n\n\n<p>Para mayor informaci\u00f3n, consultar el Informe T\u00e9cnico Mensual en el siguiente enlace: <a href=\"http:\/\/enfen.gob.pe\/download\/informe-tecnico-enfen-ano-8-n05\/?wpdmdl=1733&amp;refresh=62aba7b3854cd1655416755\">http:\/\/enfen.gob.pe\/download\/informe-tecnico-enfen-ano-8-n05\/?wpdmdl=1733&amp;refresh=62aba7b3854cd1655416755<\/a><\/p>\n\n\n\n<p>Nota de prensa ENFEN<\/p>\n","protected":false},"excerpt":{"rendered":"<p>La Comisi\u00f3n Multisectorial del ENFEN mantiene el estado \u201cAlerta de La Ni\u00f1a costera\u201d, debido a que se espera que la temperatura superficial del mar en la regi\u00f3n Ni\u00f1o 1+2 contin\u00fae con valores por debajo de lo normal hasta agosto de 2022; siendo m\u00e1s probable la magnitud fr\u00eda d\u00e9bil. Por otro lado, se espera que contin\u00fae [&hellip;]<\/p>\n","protected":false},"author":2,"featured_media":25530,"comment_status":"open","ping_status":"open","sticky":false,"template":"","format":"standard","meta":{"footnotes":""},"categories":[63],"tags":[],"class_list":["post-25529","post","type-post","status-publish","format-standard","has-post-thumbnail","hentry","category-noticias"],"_links":{"self":[{"href":"http:\/\/www.perupesquero.org\/web\/wp-json\/wp\/v2\/posts\/25529","targetHints":{"allow":["GET"]}}],"collection":[{"href":"http:\/\/www.perupesquero.org\/web\/wp-json\/wp\/v2\/posts"}],"about":[{"href":"http:\/\/www.perupesquero.org\/web\/wp-json\/wp\/v2\/types\/post"}],"author":[{"embeddable":true,"href":"http:\/\/www.perupesquero.org\/web\/wp-json\/wp\/v2\/users\/2"}],"replies":[{"embeddable":true,"href":"http:\/\/www.perupesquero.org\/web\/wp-json\/wp\/v2\/comments?post=25529"}],"version-history":[{"count":1,"href":"http:\/\/www.perupesquero.org\/web\/wp-json\/wp\/v2\/posts\/25529\/revisions"}],"predecessor-version":[{"id":25531,"href":"http:\/\/www.perupesquero.org\/web\/wp-json\/wp\/v2\/posts\/25529\/revisions\/25531"}],"wp:featuredmedia":[{"embeddable":true,"href":"http:\/\/www.perupesquero.org\/web\/wp-json\/wp\/v2\/media\/25530"}],"wp:attachment":[{"href":"http:\/\/www.perupesquero.org\/web\/wp-json\/wp\/v2\/media?parent=25529"}],"wp:term":[{"taxonomy":"category","embeddable":true,"href":"http:\/\/www.perupesquero.org\/web\/wp-json\/wp\/v2\/categories?post=25529"},{"taxonomy":"post_tag","embeddable":true,"href":"http:\/\/www.perupesquero.org\/web\/wp-json\/wp\/v2\/tags?post=25529"}],"curies":[{"name":"wp","href":"https:\/\/api.w.org\/{rel}","templated":true}]}}