{"id":25502,"date":"2022-06-13T23:35:49","date_gmt":"2022-06-14T04:35:49","guid":{"rendered":"http:\/\/www.perupesquero.org\/web\/?p=25502"},"modified":"2022-06-13T23:35:50","modified_gmt":"2022-06-14T04:35:50","slug":"cual-es-el-impacto-de-la-nina-en-la-pesca-y-agricultura","status":"publish","type":"post","link":"http:\/\/www.perupesquero.org\/web\/cual-es-el-impacto-de-la-nina-en-la-pesca-y-agricultura\/","title":{"rendered":"\u00bfCu\u00e1l es el impacto de La Ni\u00f1a en la pesca y agricultura?"},"content":{"rendered":"\n<p>El Senamhi en las \u00faltimas semanas advirti\u00f3 que se han venido registrando temperaturas atmosf\u00e9ricas por debajo de lo habitual.<\/p>\n\n\n\n<p>Seg\u00fan el Servicio Nacional de Meteorolog\u00eda e Hidrolog\u00eda del Per\u00fa (Senamhi), en las \u00faltimas semanas se han registrado temperaturas atmosf\u00e9ricas por debajo de lo habitual.<\/p>\n\n\n\n<p>Esto en un contexto en el que la Comisi\u00f3n Multisectorial encargada del Estudio Nacional del Fen\u00f3meno de El Ni\u00f1o (ENFEN) reactiv\u00f3 en mayo el estado de \u201cAlerta de La Ni\u00f1a Costera\u201d.<\/p>\n\n\n\n<p>Por ello, de acuerdo al ENFEN se tiene previsto que este evento continuar\u00e1 hasta agosto, aunque con una temperatura fr\u00eda de magnitud d\u00e9bil.<\/p>\n\n\n\n<p>La Ni\u00f1a: \u00bfCu\u00e1l es el impacto en la pesca?<\/p>\n\n\n\n<p>De acuerdo con el Centro Nacional de Estimaci\u00f3n, Prevenci\u00f3n y Reducci\u00f3n del Riesgo de Desastres (Cenepred), La Ni\u00f1a generar\u00eda condiciones favorables para el desarrollo de la anchoveta (relacionada a aguas fr\u00edas).<\/p>\n\n\n\n<p>No obstante, durante el periodo actual dicha especie se suele alejar de las costas y se dispersa, dificultando su caza. Seg\u00fan cifras del Instituto del Mar del Per\u00fa (Imarpe) se ha capturado m\u00e1s de 1.3 millones de toneladas de anchoveta en la zona norte-centro de un total de 2.7 millones autorizadas para la primera temporada de este a\u00f1o.<\/p>\n\n\n\n<p>Por otro lado, especies como el jurel y la caballa suelen migrar hacia altamar durante La Ni\u00f1a, reduciendo el volumen de desembarques, tal como sucedi\u00f3 durante 1996, 2007 y 2010.<\/p>\n\n\n\n<p>La Ni\u00f1a: \u00bfCu\u00e1l es el impacto en la agricultura?<\/p>\n\n\n\n<p>La venida de La Ni\u00f1a impacta de manera negativa sobre la producci\u00f3n agr\u00edcola debido a que la temperatura del aire se ubica por debajo de lo normal y a que se altera el ciclo de lluvias. Esto genera retrasos en el proceso de maduraci\u00f3n y, por tanto, en cosechas.<\/p>\n\n\n\n<p>Seg\u00fan Cenepred, los cultivos m\u00e1s susceptibles a las variaciones del clima son; ma\u00edz amil\u00e1ceo, papa, ma\u00edz amarillo duro, cebada en grano, arroz y pl\u00e1tano. En contraste, existen cultivos que resultan relativamente favorecidos como es el caso del mango.<\/p>\n\n\n\n<p>Fuente: Semanaeconomica<\/p>\n","protected":false},"excerpt":{"rendered":"<p>El Senamhi en las \u00faltimas semanas advirti\u00f3 que se han venido registrando temperaturas atmosf\u00e9ricas por debajo de lo habitual. Seg\u00fan el Servicio Nacional de Meteorolog\u00eda e Hidrolog\u00eda del Per\u00fa (Senamhi), en las \u00faltimas semanas se han registrado temperaturas atmosf\u00e9ricas por debajo de lo habitual. Esto en un contexto en el que la Comisi\u00f3n Multisectorial encargada [&hellip;]<\/p>\n","protected":false},"author":2,"featured_media":25503,"comment_status":"open","ping_status":"open","sticky":false,"template":"","format":"standard","meta":{"footnotes":""},"categories":[63],"tags":[],"class_list":["post-25502","post","type-post","status-publish","format-standard","has-post-thumbnail","hentry","category-noticias"],"_links":{"self":[{"href":"http:\/\/www.perupesquero.org\/web\/wp-json\/wp\/v2\/posts\/25502","targetHints":{"allow":["GET"]}}],"collection":[{"href":"http:\/\/www.perupesquero.org\/web\/wp-json\/wp\/v2\/posts"}],"about":[{"href":"http:\/\/www.perupesquero.org\/web\/wp-json\/wp\/v2\/types\/post"}],"author":[{"embeddable":true,"href":"http:\/\/www.perupesquero.org\/web\/wp-json\/wp\/v2\/users\/2"}],"replies":[{"embeddable":true,"href":"http:\/\/www.perupesquero.org\/web\/wp-json\/wp\/v2\/comments?post=25502"}],"version-history":[{"count":1,"href":"http:\/\/www.perupesquero.org\/web\/wp-json\/wp\/v2\/posts\/25502\/revisions"}],"predecessor-version":[{"id":25504,"href":"http:\/\/www.perupesquero.org\/web\/wp-json\/wp\/v2\/posts\/25502\/revisions\/25504"}],"wp:featuredmedia":[{"embeddable":true,"href":"http:\/\/www.perupesquero.org\/web\/wp-json\/wp\/v2\/media\/25503"}],"wp:attachment":[{"href":"http:\/\/www.perupesquero.org\/web\/wp-json\/wp\/v2\/media?parent=25502"}],"wp:term":[{"taxonomy":"category","embeddable":true,"href":"http:\/\/www.perupesquero.org\/web\/wp-json\/wp\/v2\/categories?post=25502"},{"taxonomy":"post_tag","embeddable":true,"href":"http:\/\/www.perupesquero.org\/web\/wp-json\/wp\/v2\/tags?post=25502"}],"curies":[{"name":"wp","href":"https:\/\/api.w.org\/{rel}","templated":true}]}}