{"id":25495,"date":"2022-06-12T21:04:42","date_gmt":"2022-06-13T02:04:42","guid":{"rendered":"http:\/\/www.perupesquero.org\/web\/?p=25495"},"modified":"2022-06-12T21:04:44","modified_gmt":"2022-06-13T02:04:44","slug":"alerta-ocurrencia-de-oleajes-de-ligera-a-moderada-intensidad-hasta-17-de-junio","status":"publish","type":"post","link":"http:\/\/www.perupesquero.org\/web\/alerta-ocurrencia-de-oleajes-de-ligera-a-moderada-intensidad-hasta-17-de-junio\/","title":{"rendered":"\u00a1Alerta! Ocurrencia de oleajes de ligera a moderada intensidad hasta 17 de junio"},"content":{"rendered":"\n<p>El Instituto Nacional de Defensa Civil (INDECI) recomienda medidas de preparaci\u00f3n ante el Aviso Especial N.\u00b0 045, emitido por la Direcci\u00f3n de Hidrograf\u00eda y Navegaci\u00f3n (DHN) de la Marina de Guerra del Per\u00fa, en el que se informa sobre la ocurrencia de oleaje de ligera a moderada intensidad en todo el litoral, desde el s\u00e1bado 11 al viernes 17 de junio.<\/p>\n\n\n\n<p>De acuerdo al aviso, en el norte se esperan oleajes ligeros desde la ma\u00f1ana del martes 14, que incrementar\u00edan a moderados en la noche del mismo d\u00eda. En tanto, en el centro, entre Salaverry y Callao, este fen\u00f3meno se presentar\u00eda de manera ligera a partir de la madrugada del 14 de junio y se intensificar\u00eda a moderado la tarde del mismo d\u00eda; mientras que entre Cerro Azul y San Juan contin\u00faa el oleaje ligero y se prev\u00e9 que cambie a moderado desde la ma\u00f1ana del martes 14.<\/p>\n\n\n\n<p>Asimismo, en el litoral sur, este fen\u00f3meno se presentar\u00eda de forma ligera durante la noche del lunes 13 y se incrementar\u00eda a moderado en la ma\u00f1ana del d\u00eda siguiente. Cabe indicar que se espera que los oleajes disminuyan a ligera intensidad en todo el litoral durante la ma\u00f1ana del mi\u00e9rcoles 15 de junio.<\/p>\n\n\n\n<p>Ante esta situaci\u00f3n, el INDECI exhorta a las autoridades regionales y locales orientar a la poblaci\u00f3n en cuanto a medidas de protecci\u00f3n espec\u00edficas, evitando exponerse a este fen\u00f3meno para prevenir accidentes y\/o da\u00f1os personales y materiales.<\/p>\n\n\n\n<p>Asimismo, se recomienda suspender las actividades portuarias y de pesca, as\u00ed como asegurar las embarcaciones y\/o retirar las flotas peque\u00f1as hacia tierra firme. Adem\u00e1s, se debe evitar actividades deportivas y recreativas durante el periodo de oleaje, as\u00ed como campamentos cerca de las zonas de playa.&nbsp;<\/p>\n\n\n\n<p>El INDECI, a trav\u00e9s del Centro de Operaciones de Emergencia Nacional (COEN), monitorea los departamentos del litoral peruano en coordinaci\u00f3n con las oficinas de Gesti\u00f3n del Riesgo de Desastres y la DHN, con la finalidad de brindar informaci\u00f3n a las autoridades y poblaci\u00f3n en general sobre los eventos que se presenten.<\/p>\n\n\n\n<p>Nota de prensa INDECI<\/p>\n","protected":false},"excerpt":{"rendered":"<p>El Instituto Nacional de Defensa Civil (INDECI) recomienda medidas de preparaci\u00f3n ante el Aviso Especial N.\u00b0 045, emitido por la Direcci\u00f3n de Hidrograf\u00eda y Navegaci\u00f3n (DHN) de la Marina de Guerra del Per\u00fa, en el que se informa sobre la ocurrencia de oleaje de ligera a moderada intensidad en todo el litoral, desde el s\u00e1bado [&hellip;]<\/p>\n","protected":false},"author":2,"featured_media":25496,"comment_status":"open","ping_status":"open","sticky":false,"template":"","format":"standard","meta":{"footnotes":""},"categories":[63],"tags":[],"class_list":["post-25495","post","type-post","status-publish","format-standard","has-post-thumbnail","hentry","category-noticias"],"_links":{"self":[{"href":"http:\/\/www.perupesquero.org\/web\/wp-json\/wp\/v2\/posts\/25495","targetHints":{"allow":["GET"]}}],"collection":[{"href":"http:\/\/www.perupesquero.org\/web\/wp-json\/wp\/v2\/posts"}],"about":[{"href":"http:\/\/www.perupesquero.org\/web\/wp-json\/wp\/v2\/types\/post"}],"author":[{"embeddable":true,"href":"http:\/\/www.perupesquero.org\/web\/wp-json\/wp\/v2\/users\/2"}],"replies":[{"embeddable":true,"href":"http:\/\/www.perupesquero.org\/web\/wp-json\/wp\/v2\/comments?post=25495"}],"version-history":[{"count":2,"href":"http:\/\/www.perupesquero.org\/web\/wp-json\/wp\/v2\/posts\/25495\/revisions"}],"predecessor-version":[{"id":25498,"href":"http:\/\/www.perupesquero.org\/web\/wp-json\/wp\/v2\/posts\/25495\/revisions\/25498"}],"wp:featuredmedia":[{"embeddable":true,"href":"http:\/\/www.perupesquero.org\/web\/wp-json\/wp\/v2\/media\/25496"}],"wp:attachment":[{"href":"http:\/\/www.perupesquero.org\/web\/wp-json\/wp\/v2\/media?parent=25495"}],"wp:term":[{"taxonomy":"category","embeddable":true,"href":"http:\/\/www.perupesquero.org\/web\/wp-json\/wp\/v2\/categories?post=25495"},{"taxonomy":"post_tag","embeddable":true,"href":"http:\/\/www.perupesquero.org\/web\/wp-json\/wp\/v2\/tags?post=25495"}],"curies":[{"name":"wp","href":"https:\/\/api.w.org\/{rel}","templated":true}]}}