{"id":25418,"date":"2022-06-05T19:45:03","date_gmt":"2022-06-06T00:45:03","guid":{"rendered":"http:\/\/www.perupesquero.org\/web\/?p=25418"},"modified":"2022-06-05T19:45:18","modified_gmt":"2022-06-06T00:45:18","slug":"peru-ratifico-su-compromiso-contra-la-pesca-ilegal-y-proteger-la-diversidad-marina","status":"publish","type":"post","link":"http:\/\/www.perupesquero.org\/web\/peru-ratifico-su-compromiso-contra-la-pesca-ilegal-y-proteger-la-diversidad-marina\/","title":{"rendered":"Per\u00fa ratific\u00f3 su compromiso contra la pesca ilegal y proteger la diversidad marina"},"content":{"rendered":"\n<p>El\u00a0Ministerio de Relaciones Exteriores\u00a0ratific\u00f3 este domingo, 5 de junio el compromiso de Per\u00fa por proteger la diversidad biol\u00f3gica marina del pa\u00eds, en el marco del<a href=\"https:\/\/rpp.pe\/noticias\/pesca\">\u00a0D\u00eda Internacional de la lucha contra la pesca ilegal<\/a>.<\/p>\n\n\n\n<p>Mediante su cuenta de Twitter, la\u00a0Canciller\u00eda\u00a0se\u00f1al\u00f3 que la pesca es \u201cfuente de sustento para muchas familias peruanas\u201d.<\/p>\n\n\n\n<p>&#8220;Seg\u00fan la Organizaci\u00f3n de las Naciones Unidas para la Alimentaci\u00f3n y la Agricultura (<strong>FAO<\/strong>), el Per\u00fa pierde m\u00e1s de S\/ 1,200 millones al a\u00f1o debido a la pesca ilegal&#8221;, se\u00f1al\u00f3.<\/p>\n\n\n\n<p>Lucha contra pesca ilegal<\/p>\n\n\n\n<p>Asimismo, se\u00f1alaron que la pesca ilegal atenta contra la&nbsp;biodiversidad&nbsp;e impacta en la econom\u00eda peruana.<\/p>\n\n\n\n<p>En esa l\u00ednea, manifestaron que el pa\u00eds contin\u00faa su trabajo por erradicar\u00a0<a href=\"https:\/\/rpp.pe\/peru\/ancash\/pesca-ilegal-con-explosivos-arrasa-con-los-bancos-de-especies-marinas-en-el-mar-de-casma-y-huarmey-en-ancash-noticia-1395221\">toda acci\u00f3n que afecte los recursos marinos<\/a>.<\/p>\n\n\n\n<p>&#8220;Con el objetivo de proteger la sostenibilidad de nuestros recursos biol\u00f3gicos marinos, una de las acciones que todos podemos realizar es respetar los periodos de desove y reposo, no incentivemos la pesca ilegal en nuestro pa\u00eds&#8221;, resalt\u00f3.<\/p>\n\n\n\n<p>Al respecto, desde&nbsp;<strong>Canciller\u00eda<\/strong>&nbsp;pidieron tomar conciencia en esta fecha, pues la pesca ilegal es una problem\u00e1tica de nivel global que agota los recursos, destruye h\u00e1bitats y afecta a los pescadores que s\u00ed act\u00faan bajo la Ley.<\/p>\n","protected":false},"excerpt":{"rendered":"<p>El\u00a0Ministerio de Relaciones Exteriores\u00a0ratific\u00f3 este domingo, 5 de junio el compromiso de Per\u00fa por proteger la diversidad biol\u00f3gica marina del pa\u00eds, en el marco del\u00a0D\u00eda Internacional de la lucha contra la pesca ilegal. Mediante su cuenta de Twitter, la\u00a0Canciller\u00eda\u00a0se\u00f1al\u00f3 que la pesca es \u201cfuente de sustento para muchas familias peruanas\u201d. &#8220;Seg\u00fan la Organizaci\u00f3n de las [&hellip;]<\/p>\n","protected":false},"author":2,"featured_media":25419,"comment_status":"open","ping_status":"open","sticky":false,"template":"","format":"standard","meta":{"footnotes":""},"categories":[63],"tags":[],"class_list":["post-25418","post","type-post","status-publish","format-standard","has-post-thumbnail","hentry","category-noticias"],"_links":{"self":[{"href":"http:\/\/www.perupesquero.org\/web\/wp-json\/wp\/v2\/posts\/25418","targetHints":{"allow":["GET"]}}],"collection":[{"href":"http:\/\/www.perupesquero.org\/web\/wp-json\/wp\/v2\/posts"}],"about":[{"href":"http:\/\/www.perupesquero.org\/web\/wp-json\/wp\/v2\/types\/post"}],"author":[{"embeddable":true,"href":"http:\/\/www.perupesquero.org\/web\/wp-json\/wp\/v2\/users\/2"}],"replies":[{"embeddable":true,"href":"http:\/\/www.perupesquero.org\/web\/wp-json\/wp\/v2\/comments?post=25418"}],"version-history":[{"count":1,"href":"http:\/\/www.perupesquero.org\/web\/wp-json\/wp\/v2\/posts\/25418\/revisions"}],"predecessor-version":[{"id":25420,"href":"http:\/\/www.perupesquero.org\/web\/wp-json\/wp\/v2\/posts\/25418\/revisions\/25420"}],"wp:featuredmedia":[{"embeddable":true,"href":"http:\/\/www.perupesquero.org\/web\/wp-json\/wp\/v2\/media\/25419"}],"wp:attachment":[{"href":"http:\/\/www.perupesquero.org\/web\/wp-json\/wp\/v2\/media?parent=25418"}],"wp:term":[{"taxonomy":"category","embeddable":true,"href":"http:\/\/www.perupesquero.org\/web\/wp-json\/wp\/v2\/categories?post=25418"},{"taxonomy":"post_tag","embeddable":true,"href":"http:\/\/www.perupesquero.org\/web\/wp-json\/wp\/v2\/tags?post=25418"}],"curies":[{"name":"wp","href":"https:\/\/api.w.org\/{rel}","templated":true}]}}