{"id":25414,"date":"2022-06-05T19:14:37","date_gmt":"2022-06-06T00:14:37","guid":{"rendered":"http:\/\/www.perupesquero.org\/web\/?p=25414"},"modified":"2022-06-05T19:14:43","modified_gmt":"2022-06-06T00:14:43","slug":"mar-del-peru-se-preve-oleajes-de-ligera-a-moderada-intensidad-hasta-el-10-de-junio","status":"publish","type":"post","link":"http:\/\/www.perupesquero.org\/web\/mar-del-peru-se-preve-oleajes-de-ligera-a-moderada-intensidad-hasta-el-10-de-junio\/","title":{"rendered":"Mar del Per\u00fa: Se prev\u00e9 oleajes de ligera a moderada intensidad hasta el 10 de junio"},"content":{"rendered":"\n<p>El Instituto Nacional de Defensa Civil (INDECI) recomienda medidas de preparaci\u00f3n ante el Aviso Oceanogr\u00e1fico Especial N.\u00ba 43, emitido por la Direcci\u00f3n de Hidrograf\u00eda y Navegaci\u00f3n (DHN) de la Marina de Guerra del Per\u00fa, sobre la continuidad de oleajes de ligera a moderada intensidad en todo el litoral, hasta el viernes 10 de junio.<\/p>\n\n\n\n<p>De acuerdo a dicho comunicado, este fen\u00f3meno seguir\u00e1 present\u00e1ndose de manera ligera en el litoral norte, mientras que en el centro (entre Salaverry y Cerro Azul) los oleajes ligeros ocurrir\u00edan desde la madrugada del lunes 6 y cambiar\u00edan a moderados durante la madrugada del martes 7; en tanto que entre Cerro Azul y San Juan, iniciar\u00edan de forma moderada desde la tarde del lunes 6 de junio.<\/p>\n\n\n\n<p>Asimismo, en el litoral sur se prev\u00e9 que los oleajes ligeros ocurrir\u00edan a partir de la ma\u00f1ana del lunes 6 y cambiar\u00edan a moderados durante la noche del mismo d\u00eda. Cabe indicar que, seg\u00fan el pron\u00f3stico mar\u00edtimo, los oleajes disminuir\u00edan a ligeros nuevamente en la madruga del mi\u00e9rcoles 8 de junio.<\/p>\n\n\n\n<p>Ante esta situaci\u00f3n, el INDECI exhorta a las autoridades regionales y locales orientar a la poblaci\u00f3n en cuanto a medidas de protecci\u00f3n espec\u00edficas, evitando exponerse a este fen\u00f3meno para prevenir accidentes y\/o da\u00f1os personales y materiales.<\/p>\n\n\n\n<p>Asimismo, se recomienda suspender las actividades portuarias y de pesca, as\u00ed como asegurar las embarcaciones y\/o retirar las flotas peque\u00f1as hacia tierra firme. Adem\u00e1s, se debe evitar actividades deportivas y recreativas durante el periodo de oleaje, as\u00ed como campamentos cerca de las zonas de playa.<\/p>\n\n\n\n<p>El INDECI, a trav\u00e9s del Centro de Operaciones de Emergencia Nacional (COEN), monitorea los departamentos del litoral peruano en coordinaci\u00f3n con las oficinas de Gesti\u00f3n del Riesgo de Desastres y la DHN, con la finalidad de brindar informaci\u00f3n a las autoridades y poblaci\u00f3n en general sobre los eventos que se presenten.<\/p>\n\n\n\n<p>Nota de prensa INDECI<\/p>\n","protected":false},"excerpt":{"rendered":"<p>El Instituto Nacional de Defensa Civil (INDECI) recomienda medidas de preparaci\u00f3n ante el Aviso Oceanogr\u00e1fico Especial N.\u00ba 43, emitido por la Direcci\u00f3n de Hidrograf\u00eda y Navegaci\u00f3n (DHN) de la Marina de Guerra del Per\u00fa, sobre la continuidad de oleajes de ligera a moderada intensidad en todo el litoral, hasta el viernes 10 de junio. De [&hellip;]<\/p>\n","protected":false},"author":2,"featured_media":25415,"comment_status":"open","ping_status":"open","sticky":false,"template":"","format":"standard","meta":{"footnotes":""},"categories":[63],"tags":[],"class_list":["post-25414","post","type-post","status-publish","format-standard","has-post-thumbnail","hentry","category-noticias"],"_links":{"self":[{"href":"http:\/\/www.perupesquero.org\/web\/wp-json\/wp\/v2\/posts\/25414","targetHints":{"allow":["GET"]}}],"collection":[{"href":"http:\/\/www.perupesquero.org\/web\/wp-json\/wp\/v2\/posts"}],"about":[{"href":"http:\/\/www.perupesquero.org\/web\/wp-json\/wp\/v2\/types\/post"}],"author":[{"embeddable":true,"href":"http:\/\/www.perupesquero.org\/web\/wp-json\/wp\/v2\/users\/2"}],"replies":[{"embeddable":true,"href":"http:\/\/www.perupesquero.org\/web\/wp-json\/wp\/v2\/comments?post=25414"}],"version-history":[{"count":1,"href":"http:\/\/www.perupesquero.org\/web\/wp-json\/wp\/v2\/posts\/25414\/revisions"}],"predecessor-version":[{"id":25416,"href":"http:\/\/www.perupesquero.org\/web\/wp-json\/wp\/v2\/posts\/25414\/revisions\/25416"}],"wp:featuredmedia":[{"embeddable":true,"href":"http:\/\/www.perupesquero.org\/web\/wp-json\/wp\/v2\/media\/25415"}],"wp:attachment":[{"href":"http:\/\/www.perupesquero.org\/web\/wp-json\/wp\/v2\/media?parent=25414"}],"wp:term":[{"taxonomy":"category","embeddable":true,"href":"http:\/\/www.perupesquero.org\/web\/wp-json\/wp\/v2\/categories?post=25414"},{"taxonomy":"post_tag","embeddable":true,"href":"http:\/\/www.perupesquero.org\/web\/wp-json\/wp\/v2\/tags?post=25414"}],"curies":[{"name":"wp","href":"https:\/\/api.w.org\/{rel}","templated":true}]}}