{"id":25363,"date":"2022-05-31T21:43:40","date_gmt":"2022-06-01T02:43:40","guid":{"rendered":"http:\/\/www.perupesquero.org\/web\/?p=25363"},"modified":"2022-05-31T21:43:46","modified_gmt":"2022-06-01T02:43:46","slug":"chile-se-constituyo-mesa-de-mujeres-trabajadoras-de-la-pesca-artesanal","status":"publish","type":"post","link":"http:\/\/www.perupesquero.org\/web\/chile-se-constituyo-mesa-de-mujeres-trabajadoras-de-la-pesca-artesanal\/","title":{"rendered":"Chile: Se constituy\u00f3 mesa de mujeres trabajadoras de la pesca artesanal"},"content":{"rendered":"\n<p>En el Museo de Historia Natural e Hist\u00f3rico de San Antonio, se lanz\u00f3 la Mesa de Trabajadoras de la Pesca Artesanal y Actividades Conexas, iniciativa que promueve el trabajo colaborativo entre mujeres trabajadoras del mar a lo largo de Chile, recogiendo las necesidades de cada regi\u00f3n y las actividades conexas (oficios tradicionales) desarrolladas en ellas.<\/p>\n\n\n\n<p>El encuentro convocado por el gobernador de Valpara\u00edso, Rodrigo Mundaca y el subsecretario de Pesca y Acuicultura, Juan Salas, cont\u00f3 con la presencia de dirigentas sociales de la pesca artesanal y organizaciones nacionales que han trabajado en el planteamiento de materias de g\u00e9nero en el \u00e1rea.<\/p>\n\n\n\n<p>\u201cEs una gran iniciativa y un gran adelanto lo que se hizo hoy, porque vamos a ser la primera regi\u00f3n en fomentar las mesas regionales de la pesca artesanal de la mujer para empezar ya con el registro de cada mujer, as\u00ed que es algo s\u00faper importante y estoy muy emocionada y muy contenta\u201d, se\u00f1al\u00f3 Maritza Cofr\u00e9, presidenta de la Asociaci\u00f3n de Pescadores Caleta Sudamericana de Valpara\u00edso.<\/p>\n\n\n\n<p>Por su parte, el subsecretario de Pesca, Julio Salas, explic\u00f3 que \u201cse est\u00e1n activando en los diferentes territorios diversas iniciativas vinculadas al reconocimiento y al desarrollo de las mujeres en la pesca artesanal y eso a nosotros nos llena de satisfacci\u00f3n, no solo porque hay una ley de equidad de g\u00e9nero que hay que implementar, sino porque hay un programa de gobierno en donde nuestro compromiso est\u00e1 puesto en relevar la equidad de g\u00e9nero en todas las dimensiones y la pesca artesanal es evidentemente una de ellas donde hay una brecha importante que tenemos que salvaguardar\u201d.<\/p>\n\n\n\n<p>Para Jos\u00e9 Valencia, encargado de Pesquer\u00edas de WWF Chile, \u00abla creaci\u00f3n de mesas regionales da la oportunidad de conocer y retratar las necesidades de las mujeres del mar seg\u00fan el sector geogr\u00e1fico y laboral en el cual viven y se desenvuelven, puesto que no es lo mismo recoger las diferentes experiencias del norte con aquellas del sur, por ejemplo, ya que la diversidad presente en cada territorio, caleta y organizaci\u00f3n, tambi\u00e9n nos habla de una multiplicidad de problem\u00e1ticas y demandas. Bajo esta mirada, es que en WWF creemos que es de suma relevancia escuchar a las trabajadoras y poner sobre la mesa la celeridad de invertir mayores recursos en pol\u00edticas e implementaci\u00f3n de la ley de equidad de g\u00e9nero\u201d.<\/p>\n\n\n\n<p>A la actividad se suman las mesas de la Mujer de la Pesca Artesanal y Actividades Conexas activas en las regiones de Magallanes, Los Lagos, Biob\u00edo y Atacama.<\/p>\n\n\n\n<p>Fuente: ovegero noticias<\/p>\n","protected":false},"excerpt":{"rendered":"<p>En el Museo de Historia Natural e Hist\u00f3rico de San Antonio, se lanz\u00f3 la Mesa de Trabajadoras de la Pesca Artesanal y Actividades Conexas, iniciativa que promueve el trabajo colaborativo entre mujeres trabajadoras del mar a lo largo de Chile, recogiendo las necesidades de cada regi\u00f3n y las actividades conexas (oficios tradicionales) desarrolladas en ellas. [&hellip;]<\/p>\n","protected":false},"author":2,"featured_media":25364,"comment_status":"open","ping_status":"open","sticky":false,"template":"","format":"standard","meta":{"footnotes":""},"categories":[63],"tags":[],"class_list":["post-25363","post","type-post","status-publish","format-standard","has-post-thumbnail","hentry","category-noticias"],"_links":{"self":[{"href":"http:\/\/www.perupesquero.org\/web\/wp-json\/wp\/v2\/posts\/25363","targetHints":{"allow":["GET"]}}],"collection":[{"href":"http:\/\/www.perupesquero.org\/web\/wp-json\/wp\/v2\/posts"}],"about":[{"href":"http:\/\/www.perupesquero.org\/web\/wp-json\/wp\/v2\/types\/post"}],"author":[{"embeddable":true,"href":"http:\/\/www.perupesquero.org\/web\/wp-json\/wp\/v2\/users\/2"}],"replies":[{"embeddable":true,"href":"http:\/\/www.perupesquero.org\/web\/wp-json\/wp\/v2\/comments?post=25363"}],"version-history":[{"count":2,"href":"http:\/\/www.perupesquero.org\/web\/wp-json\/wp\/v2\/posts\/25363\/revisions"}],"predecessor-version":[{"id":25366,"href":"http:\/\/www.perupesquero.org\/web\/wp-json\/wp\/v2\/posts\/25363\/revisions\/25366"}],"wp:featuredmedia":[{"embeddable":true,"href":"http:\/\/www.perupesquero.org\/web\/wp-json\/wp\/v2\/media\/25364"}],"wp:attachment":[{"href":"http:\/\/www.perupesquero.org\/web\/wp-json\/wp\/v2\/media?parent=25363"}],"wp:term":[{"taxonomy":"category","embeddable":true,"href":"http:\/\/www.perupesquero.org\/web\/wp-json\/wp\/v2\/categories?post=25363"},{"taxonomy":"post_tag","embeddable":true,"href":"http:\/\/www.perupesquero.org\/web\/wp-json\/wp\/v2\/tags?post=25363"}],"curies":[{"name":"wp","href":"https:\/\/api.w.org\/{rel}","templated":true}]}}