{"id":25355,"date":"2022-05-31T18:15:25","date_gmt":"2022-05-31T23:15:25","guid":{"rendered":"http:\/\/www.perupesquero.org\/web\/?p=25355"},"modified":"2022-05-31T18:15:30","modified_gmt":"2022-05-31T23:15:30","slug":"minam-presenta-a-universidades-del-pais-los-ejes-tematicos-de-investigacion-ambiental-al-2030","status":"publish","type":"post","link":"http:\/\/www.perupesquero.org\/web\/minam-presenta-a-universidades-del-pais-los-ejes-tematicos-de-investigacion-ambiental-al-2030\/","title":{"rendered":"Minam presenta a universidades del pa\u00eds los ejes tem\u00e1ticos de investigaci\u00f3n ambiental al 2030"},"content":{"rendered":"\n<p>\u201cEl ambiente requiere de una soluci\u00f3n r\u00e1pida porque los peruanos est\u00e1n sufriendo las consecuencias de una industria del pasado que fue irresponsable y que contamin\u00f3 el agua y el suelo. Por eso, se requiere de la investigaci\u00f3n para resolver los problemas\u201d, sostuvo el ministro del Ambiente, Modesto Montoya.<\/p>\n\n\n\n<p>As\u00ed lo expres\u00f3 durante la reuni\u00f3n de presentaci\u00f3n de los Ejes Tem\u00e1ticos de Investigaci\u00f3n Ambiental 2022-2030, que congreg\u00f3 a cerca de un centenar de representantes de universidades p\u00fablicas y privadas del pa\u00eds, a fin de promover el desarrollo de estudios especializados desde la academia para resolver los problemas ambientales.<\/p>\n\n\n\n<p>En ese marco, indic\u00f3 que las universidades tienen la gran oportunidad de realizar investigaciones relacionadas con el ambiente, a partir de los problemas que se presentan en sus respectivas regiones, en beneficio de la comunidad.<\/p>\n\n\n\n<p>A su turno, la viceministra de Gesti\u00f3n Ambiental, Elizabeth Silvestre, indic\u00f3 que para resolver los problemas de la sociedad es necesario hacer una alianza entre el Estado, la academia y el sector privado. \u201cPor eso, en esta oportunidad, hemos convocado a las universidades, que son fuente de conocimiento y de evidencia cient\u00edfica, y sobre todo, porque es la fuente para generar masa cr\u00edtica\u201d, coment\u00f3.<\/p>\n\n\n\n<p>Agreg\u00f3 que los problemas ambientales del pa\u00eds se deben resolver con evidencia cient\u00edfica para contribuir en el mejoramiento de la calidad de vida de la poblaci\u00f3n.<\/p>\n\n\n\n<p>El dato:<strong><br>&#8211;\u00a0<\/strong>Los ejes tem\u00e1ticos de investigaci\u00f3n ambiental est\u00e1n contemplados en la Pol\u00edtica Nacional del Ambiente al 2030 y son los siguientes: calidad ambiental; conservaci\u00f3n de las especies y la diversidad gen\u00e9tica; deforestaci\u00f3n y degradaci\u00f3n de los ecosistemas; econom\u00eda circular y cadenas productivas sostenibles; gesti\u00f3n de riesgos y adaptaci\u00f3n al cambio clim\u00e1tico; gobernanza ambiental; reducci\u00f3n de emisi\u00f3n de gases de efecto invernadero; gesti\u00f3n integrada de los recursos naturales; gesti\u00f3n integral de residuos s\u00f3lidos.<\/p>\n\n\n\n<p>Nota de prensa MINAN<\/p>\n","protected":false},"excerpt":{"rendered":"<p>\u201cEl ambiente requiere de una soluci\u00f3n r\u00e1pida porque los peruanos est\u00e1n sufriendo las consecuencias de una industria del pasado que fue irresponsable y que contamin\u00f3 el agua y el suelo. Por eso, se requiere de la investigaci\u00f3n para resolver los problemas\u201d, sostuvo el ministro del Ambiente, Modesto Montoya. As\u00ed lo expres\u00f3 durante la reuni\u00f3n de [&hellip;]<\/p>\n","protected":false},"author":2,"featured_media":25356,"comment_status":"open","ping_status":"open","sticky":false,"template":"","format":"standard","meta":{"footnotes":""},"categories":[63],"tags":[],"class_list":["post-25355","post","type-post","status-publish","format-standard","has-post-thumbnail","hentry","category-noticias"],"_links":{"self":[{"href":"http:\/\/www.perupesquero.org\/web\/wp-json\/wp\/v2\/posts\/25355","targetHints":{"allow":["GET"]}}],"collection":[{"href":"http:\/\/www.perupesquero.org\/web\/wp-json\/wp\/v2\/posts"}],"about":[{"href":"http:\/\/www.perupesquero.org\/web\/wp-json\/wp\/v2\/types\/post"}],"author":[{"embeddable":true,"href":"http:\/\/www.perupesquero.org\/web\/wp-json\/wp\/v2\/users\/2"}],"replies":[{"embeddable":true,"href":"http:\/\/www.perupesquero.org\/web\/wp-json\/wp\/v2\/comments?post=25355"}],"version-history":[{"count":2,"href":"http:\/\/www.perupesquero.org\/web\/wp-json\/wp\/v2\/posts\/25355\/revisions"}],"predecessor-version":[{"id":25358,"href":"http:\/\/www.perupesquero.org\/web\/wp-json\/wp\/v2\/posts\/25355\/revisions\/25358"}],"wp:featuredmedia":[{"embeddable":true,"href":"http:\/\/www.perupesquero.org\/web\/wp-json\/wp\/v2\/media\/25356"}],"wp:attachment":[{"href":"http:\/\/www.perupesquero.org\/web\/wp-json\/wp\/v2\/media?parent=25355"}],"wp:term":[{"taxonomy":"category","embeddable":true,"href":"http:\/\/www.perupesquero.org\/web\/wp-json\/wp\/v2\/categories?post=25355"},{"taxonomy":"post_tag","embeddable":true,"href":"http:\/\/www.perupesquero.org\/web\/wp-json\/wp\/v2\/tags?post=25355"}],"curies":[{"name":"wp","href":"https:\/\/api.w.org\/{rel}","templated":true}]}}