{"id":25322,"date":"2022-05-26T19:19:27","date_gmt":"2022-05-27T00:19:27","guid":{"rendered":"http:\/\/www.perupesquero.org\/web\/?p=25322"},"modified":"2022-05-26T19:19:28","modified_gmt":"2022-05-27T00:19:28","slug":"union-europea-controla-desde-vigo-la-campana-de-pesca-del-atun-rojo","status":"publish","type":"post","link":"http:\/\/www.perupesquero.org\/web\/union-europea-controla-desde-vigo-la-campana-de-pesca-del-atun-rojo\/","title":{"rendered":"Uni\u00f3n Europea controla desde Vigo la campa\u00f1a de pesca del at\u00fan rojo"},"content":{"rendered":"\n<p>Hoy comienza la campa\u00f1a de pesca de cerqueros para la captura, el transporte vivo y la introducci\u00f3n en jaulas de esta especie con fines de cr\u00eda, y se alargar\u00e1 hasta el uno de julio.<\/p>\n\n\n\n<p>La\u00a0Agencia Europea de Control de la Pesca\u00a0(EFCA, por sus siglas en ingl\u00e9s), con sede en Vigo, coordina la campa\u00f1a europea de control del at\u00fan rojo en el marco de su Plan de Despliegue Conjunto. En este contexto, los Estados miembros ponen en com\u00fan sus\u00a0medios de control e inspecci\u00f3n<strong>\u00a0<\/strong>para llevar a cabo conjuntamente las actividades de control, seguimiento y vigilancia.<\/p>\n\n\n\n<p>El objetivo de la campa\u00f1a es\u00a0garantizar el cumplimiento de las normas internacionales y comunitarias\u00a0adoptadas para la conservaci\u00f3n del at\u00fan rojo. En este marco, EFCA tambi\u00e9n ha ayudado a los Estados miembros de la UE en la formaci\u00f3n de sus inspectores nacionales en la preparaci\u00f3n de la campa\u00f1a.<\/p>\n\n\n\n<p>En esta actividad intervienen los Estados miembros, la Comisi\u00f3n Europea y EFCA, con recursos de los\u00a0Estados miembros participantes\u00a0(Croacia, Chipre, Espa\u00f1a, Francia, Grecia, Italia, Malta y Portugal). La inspecci\u00f3n y vigilancia en el mar se lleva a cabo\u00a0tanto en aguas de la UE como en aguas internacionales<strong>\u00a0<\/strong>y tambi\u00e9n se aplica a los buques de la Uni\u00f3n y de terceros pa\u00edses.<\/p>\n\n\n\n<p>Las actividades conjuntas de control, inspecci\u00f3n y vigilancia se coordinan a trav\u00e9s del centro de coordinaci\u00f3n de EFCA con la\u00a0participaci\u00f3n de expertos de los ocho Estados miembros. En general, la estrategia de inspecci\u00f3n y vigilancia, as\u00ed como las recomendaciones se facilitan a diario sobre la base de los datos y la informaci\u00f3n recibidos por las autoridades nacionales y de ICCAT en el\u00a0contexto del\u00a0Programa Conjunto de Inspecci\u00f3n Internacional.<\/p>\n\n\n\n<p>Comienzo de la campa\u00f1a<\/p>\n\n\n\n<p>La flota de la UE cuenta con<strong>&nbsp;66 cerqueros activos y acoge granjas de at\u00fan rojo en tres Estados miembros.<\/strong>&nbsp;El 26 de mayo comienza la campa\u00f1a de pesca de cerqueros para la captura, el transporte vivo y la introducci\u00f3n en jaulas de esta especie con fines de cr\u00eda.&nbsp;<strong>Hasta el 1 de julio faenar\u00e1n en aguas del Mediterr\u00e1neo 192 cerqueros&nbsp;<\/strong>con pabell\u00f3n de la UE y de terceros pa\u00edses.<\/p>\n\n\n\n<p>Esta especie ha sido&nbsp;<strong>objeto de nuevas medidas de gesti\u00f3n y control adoptadas en 2021<\/strong>&nbsp;por la Comisi\u00f3n Internacional para la Conservaci\u00f3n del At\u00fan Atl\u00e1ntico (ICCAT, en ingl\u00e9s) y la pesquer\u00eda est\u00e1 sujeta al Programa conjunto de inspecci\u00f3n internacional en aguas internacionales.<\/p>\n\n\n\n<p>Se permitir\u00e1 la pesca de at\u00fan rojo con redes de cerco en el Atl\u00e1ntico oriental y el Mediterr\u00e1neo durante el per\u00edodo comprendido entre el 26 de mayo y el 1 de julio, con<strong>\u00a0posibilidad de pr\u00f3rroga a petici\u00f3n de las partes contratantes de la CICAA<\/strong>. Los peces se introducir\u00e1n en jaulas con fines de cr\u00eda antes del 22 de agosto y, a m\u00e1s tardar, el 7 de septiembre de 2022.<\/p>\n\n\n\n<p>Fuente: Treintayseis<\/p>\n","protected":false},"excerpt":{"rendered":"<p>Hoy comienza la campa\u00f1a de pesca de cerqueros para la captura, el transporte vivo y la introducci\u00f3n en jaulas de esta especie con fines de cr\u00eda, y se alargar\u00e1 hasta el uno de julio. La\u00a0Agencia Europea de Control de la Pesca\u00a0(EFCA, por sus siglas en ingl\u00e9s), con sede en Vigo, coordina la campa\u00f1a europea de [&hellip;]<\/p>\n","protected":false},"author":2,"featured_media":25323,"comment_status":"open","ping_status":"open","sticky":false,"template":"","format":"standard","meta":{"footnotes":""},"categories":[63],"tags":[],"class_list":["post-25322","post","type-post","status-publish","format-standard","has-post-thumbnail","hentry","category-noticias"],"_links":{"self":[{"href":"http:\/\/www.perupesquero.org\/web\/wp-json\/wp\/v2\/posts\/25322","targetHints":{"allow":["GET"]}}],"collection":[{"href":"http:\/\/www.perupesquero.org\/web\/wp-json\/wp\/v2\/posts"}],"about":[{"href":"http:\/\/www.perupesquero.org\/web\/wp-json\/wp\/v2\/types\/post"}],"author":[{"embeddable":true,"href":"http:\/\/www.perupesquero.org\/web\/wp-json\/wp\/v2\/users\/2"}],"replies":[{"embeddable":true,"href":"http:\/\/www.perupesquero.org\/web\/wp-json\/wp\/v2\/comments?post=25322"}],"version-history":[{"count":1,"href":"http:\/\/www.perupesquero.org\/web\/wp-json\/wp\/v2\/posts\/25322\/revisions"}],"predecessor-version":[{"id":25324,"href":"http:\/\/www.perupesquero.org\/web\/wp-json\/wp\/v2\/posts\/25322\/revisions\/25324"}],"wp:featuredmedia":[{"embeddable":true,"href":"http:\/\/www.perupesquero.org\/web\/wp-json\/wp\/v2\/media\/25323"}],"wp:attachment":[{"href":"http:\/\/www.perupesquero.org\/web\/wp-json\/wp\/v2\/media?parent=25322"}],"wp:term":[{"taxonomy":"category","embeddable":true,"href":"http:\/\/www.perupesquero.org\/web\/wp-json\/wp\/v2\/categories?post=25322"},{"taxonomy":"post_tag","embeddable":true,"href":"http:\/\/www.perupesquero.org\/web\/wp-json\/wp\/v2\/tags?post=25322"}],"curies":[{"name":"wp","href":"https:\/\/api.w.org\/{rel}","templated":true}]}}