{"id":25307,"date":"2022-05-25T16:55:19","date_gmt":"2022-05-25T21:55:19","guid":{"rendered":"http:\/\/www.perupesquero.org\/web\/?p=25307"},"modified":"2022-05-25T16:55:20","modified_gmt":"2022-05-25T21:55:20","slug":"programa-de-formadores-permitira-a-los-acuicultores-y-procesadores-exportar-productos-marinos-al-exterior","status":"publish","type":"post","link":"http:\/\/www.perupesquero.org\/web\/programa-de-formadores-permitira-a-los-acuicultores-y-procesadores-exportar-productos-marinos-al-exterior\/","title":{"rendered":"Programa de formadores permitir\u00e1 a los acuicultores y procesadores exportar productos marinos al exterior"},"content":{"rendered":"\n<p>En el marco del programa \u201cCadenas de valor\u201d, el Instituto Tecnol\u00f3gico de la Producci\u00f3n (ITP) \u00f3rgano adscrito al Ministerio de la Producci\u00f3n (Produce) a trav\u00e9s del CITEpesquero Piura en alianza estrat\u00e9gica con PROMPER\u00da, lanza el programa de formaci\u00f3n para acuicultores y procesadores de productos hidrobiol\u00f3gicos, con el objetivo de prepararlos para colocar sus productos en el mercado internacional.<\/p>\n\n\n\n<p>Este esfuerzo por sumar a las estrategias de negocios, se iniciar\u00e1 este jueves 26 de mayo a las 3:00 p.m. con la charla online \u201cPanorama de los mercados internacionales para la pesca y acuicultura peruana\u201d, cuyo \u00e9nfasis estar\u00e1 centrado en la concha de abanico y otros productos como pota, perico, merluza, langostinos, tilapia y trucha.<\/p>\n\n\n\n<p>Este evento estar\u00e1 a cargo de la Lic. Lucero Flores Werlem, jefa del departamento de Productos Pesqueros \u2013 PROMPER\u00da.<\/p>\n\n\n\n<p>Adem\u00e1s, los d\u00edas 15 y 16 de junio, se realizar\u00e1 una visita t\u00e9cnica a la provincia de Sechura, para la evaluaci\u00f3n y desarrollo de estudios e inteligencia comercial para p\u00e9ctinidos y se desarrollar\u00e1 una capacitaci\u00f3n presencial sobre \u201cEstudios de inteligencia comercial y plataformas electr\u00f3nicas\u201d, dirigido a maricultores y procesadores de productos hidrobiol\u00f3gicos. La jornada estar\u00e1 a cargo del CITEpesquero Piura, el Consejo de Maricultores y PROMPER\u00da.<\/p>\n\n\n\n<p>\u201cEn el CITE venimos trabajando para que las Mipymes puedan reactivar su econom\u00eda y logren mejorar sus competencias, y en esta oportunidad hemos sumado esfuerzos con PROMPER\u00da para que los productores acu\u00edcolas y procesadores alcancen la exportaci\u00f3n de sus productos de manera directa con \u00e9xito, algo que es muy anhelado por los productores\u201d, se\u00f1al\u00f3 el director del CITEpesquero Piura, William Rivera Pe\u00f1a.<\/p>\n\n\n\n<p>Asimismo, el 28 de junio se tiene previsto, la charla virtual \u201cOportunidades comerciales para la pesca y acuicultura peruana\u201d, el 21 de julio la exposici\u00f3n \u201cExportando paso a paso para productores pesqueros y acu\u00edcolas\u201d y finalmente el 25 de agosto se realizar\u00e1 la capacitaci\u00f3n \u201cPlanes de negocios de exportaci\u00f3n para productos pesqueros y acu\u00edcolas\u201d.<\/p>\n\n\n\n<p>Al finalizar el programa de formaci\u00f3n, el CITEpesquero Piura y PROMPER\u00da ejecutar\u00e1n una Rueda de Negocios con compradores extranjeros, en la que participar\u00e1n los productores y procesadores que hayan completado exitosamente los talleres.<\/p>\n\n\n\n<p>Nota de prensa  CITEpesquero Piura <\/p>\n","protected":false},"excerpt":{"rendered":"<p>En el marco del programa \u201cCadenas de valor\u201d, el Instituto Tecnol\u00f3gico de la Producci\u00f3n (ITP) \u00f3rgano adscrito al Ministerio de la Producci\u00f3n (Produce) a trav\u00e9s del CITEpesquero Piura en alianza estrat\u00e9gica con PROMPER\u00da, lanza el programa de formaci\u00f3n para acuicultores y procesadores de productos hidrobiol\u00f3gicos, con el objetivo de prepararlos para colocar sus productos en [&hellip;]<\/p>\n","protected":false},"author":2,"featured_media":25308,"comment_status":"open","ping_status":"open","sticky":false,"template":"","format":"standard","meta":{"footnotes":""},"categories":[63],"tags":[],"class_list":["post-25307","post","type-post","status-publish","format-standard","has-post-thumbnail","hentry","category-noticias"],"_links":{"self":[{"href":"http:\/\/www.perupesquero.org\/web\/wp-json\/wp\/v2\/posts\/25307","targetHints":{"allow":["GET"]}}],"collection":[{"href":"http:\/\/www.perupesquero.org\/web\/wp-json\/wp\/v2\/posts"}],"about":[{"href":"http:\/\/www.perupesquero.org\/web\/wp-json\/wp\/v2\/types\/post"}],"author":[{"embeddable":true,"href":"http:\/\/www.perupesquero.org\/web\/wp-json\/wp\/v2\/users\/2"}],"replies":[{"embeddable":true,"href":"http:\/\/www.perupesquero.org\/web\/wp-json\/wp\/v2\/comments?post=25307"}],"version-history":[{"count":1,"href":"http:\/\/www.perupesquero.org\/web\/wp-json\/wp\/v2\/posts\/25307\/revisions"}],"predecessor-version":[{"id":25309,"href":"http:\/\/www.perupesquero.org\/web\/wp-json\/wp\/v2\/posts\/25307\/revisions\/25309"}],"wp:featuredmedia":[{"embeddable":true,"href":"http:\/\/www.perupesquero.org\/web\/wp-json\/wp\/v2\/media\/25308"}],"wp:attachment":[{"href":"http:\/\/www.perupesquero.org\/web\/wp-json\/wp\/v2\/media?parent=25307"}],"wp:term":[{"taxonomy":"category","embeddable":true,"href":"http:\/\/www.perupesquero.org\/web\/wp-json\/wp\/v2\/categories?post=25307"},{"taxonomy":"post_tag","embeddable":true,"href":"http:\/\/www.perupesquero.org\/web\/wp-json\/wp\/v2\/tags?post=25307"}],"curies":[{"name":"wp","href":"https:\/\/api.w.org\/{rel}","templated":true}]}}