{"id":2530,"date":"2014-11-19T11:32:16","date_gmt":"2014-11-19T16:32:16","guid":{"rendered":"http:\/\/www.perupesquero.org\/?p=2530"},"modified":"2014-11-19T11:32:16","modified_gmt":"2014-11-19T16:32:16","slug":"prepublicaran-norma-para-potenciar-pesca-de-atun-y-pota-el-fin-de-semana","status":"publish","type":"post","link":"http:\/\/www.perupesquero.org\/web\/prepublicaran-norma-para-potenciar-pesca-de-atun-y-pota-el-fin-de-semana\/","title":{"rendered":"Prepublicar\u00e1n norma para potenciar pesca de At\u00fan y Pota el fin de semana"},"content":{"rendered":"<p style=\"text-align: justify;\">El Viceministro de Pesquer\u00eda, Juan Carlos Requejo, adelant\u00f3 que este fin de semana el Ministerio de la Producci\u00f3n (Produce) prepublicar\u00e1 dos normativas que apuntan a elevar la captura de At\u00fan y Pota en nuestro litoral, con la finalidad de favorecer el Consumo Humado Directo (CHD).<\/p>\n<p style=\"text-align: justify;\">Afirm\u00f3 que estas normativas buscar\u00e1n reducir la tramitolog\u00eda para la pesca de Pota y At\u00fan, lo cual potenciar\u00e1 la pesca artesanal tomando en cuenta que la captura de estos recursos representa el 70 por ciento de este nivel extractivo.<\/p>\n<p style=\"text-align: justify;\"><em>&#8220;Estamos publicando este fin de semana modificaciones al ordenamiento pesquero, tanto de la Pota como del At\u00fan, en el sentido de eliminar trabas burocr\u00e1ticas para los inversionistas del sector. La idea es fortalecer la extracci\u00f3n a trav\u00e9s del sinceramiento de la normativa&#8221;<\/em>, se\u00f1al\u00f3 en declaraciones a la Agencia Andina.<\/p>\n<p style=\"text-align: justify;\">Asimismo se\u00f1al\u00f3 que Produce fortalecer\u00e1 la pesca de otros recursos como el Perico, Bonito, Jurel y Caballa.<\/p>\n<p style=\"text-align: justify;\">Cabe indicar que a finales de octubre el referido ministerio lanz\u00f3 el cuarto concurso p\u00fablico de acceso a la cuota de At\u00fan tropical en el mar peruano y el Oc\u00e9ano Pac\u00edfico Oriental (OPO), con condiciones m\u00e1s auspiciosas a las ya existentes.<\/p>\n<p style=\"text-align: justify;\"><strong>FUENTE:<\/strong> Andina.com.pe<\/p>\n","protected":false},"excerpt":{"rendered":"<p>El Viceministro de Pesquer\u00eda, Juan Carlos Requejo, adelant\u00f3 que este fin de semana el Ministerio de la Producci\u00f3n (Produce) prepublicar\u00e1 dos normativas que apuntan a elevar la captura de At\u00fan y Pota en nuestro litoral, con la finalidad de favorecer el Consumo Humado Directo (CHD). Afirm\u00f3 que estas normativas buscar\u00e1n reducir la tramitolog\u00eda para la [&hellip;]<\/p>\n","protected":false},"author":2,"featured_media":0,"comment_status":"open","ping_status":"open","sticky":false,"template":"","format":"standard","meta":{"footnotes":""},"categories":[78,63,67],"tags":[255,341,371,542,988,1344,1481],"class_list":["post-2530","post","type-post","status-publish","format-standard","hentry","category-nacionales","category-noticias","category-pesqueria","tag-atun","tag-bonito","tag-caballa","tag-consumo-humado-directo","tag-jurel","tag-perico","tag-pota"],"_links":{"self":[{"href":"http:\/\/www.perupesquero.org\/web\/wp-json\/wp\/v2\/posts\/2530","targetHints":{"allow":["GET"]}}],"collection":[{"href":"http:\/\/www.perupesquero.org\/web\/wp-json\/wp\/v2\/posts"}],"about":[{"href":"http:\/\/www.perupesquero.org\/web\/wp-json\/wp\/v2\/types\/post"}],"author":[{"embeddable":true,"href":"http:\/\/www.perupesquero.org\/web\/wp-json\/wp\/v2\/users\/2"}],"replies":[{"embeddable":true,"href":"http:\/\/www.perupesquero.org\/web\/wp-json\/wp\/v2\/comments?post=2530"}],"version-history":[{"count":0,"href":"http:\/\/www.perupesquero.org\/web\/wp-json\/wp\/v2\/posts\/2530\/revisions"}],"wp:attachment":[{"href":"http:\/\/www.perupesquero.org\/web\/wp-json\/wp\/v2\/media?parent=2530"}],"wp:term":[{"taxonomy":"category","embeddable":true,"href":"http:\/\/www.perupesquero.org\/web\/wp-json\/wp\/v2\/categories?post=2530"},{"taxonomy":"post_tag","embeddable":true,"href":"http:\/\/www.perupesquero.org\/web\/wp-json\/wp\/v2\/tags?post=2530"}],"curies":[{"name":"wp","href":"https:\/\/api.w.org\/{rel}","templated":true}]}}