{"id":2527,"date":"2014-11-18T16:36:05","date_gmt":"2014-11-18T21:36:05","guid":{"rendered":"http:\/\/www.perupesquero.org\/?p=2527"},"modified":"2014-11-18T16:36:05","modified_gmt":"2014-11-18T21:36:05","slug":"lamentan-inaccion-de-produccion-en-crisis-pesquera","status":"publish","type":"post","link":"http:\/\/www.perupesquero.org\/web\/lamentan-inaccion-de-produccion-en-crisis-pesquera\/","title":{"rendered":"Lamentan inacci\u00f3n de producci\u00f3n en crisis pesquera"},"content":{"rendered":"<p style=\"text-align: justify;\">Conocedor del tema pesquero, el Empresario Ezequiel Mayo Lugo, lament\u00f3 que la Direcci\u00f3n Regional de Producci\u00f3n no tenga una activa funci\u00f3n de controlar y supervisar el sector pesca concluyendo que esta entidad, estar\u00eda por las puras.<\/p>\n<p style=\"text-align: justify;\">Esto referido al problema en el sector pesca que se viene agudizando cada vez con mas fuerza, indicando que esto pasa por la falta de un control de parte del gobierno central a las entidades del Estado.<\/p>\n<p style=\"text-align: justify;\">Sin embargo, pese a todas la adversidades que se viene presentando, le parece conveniente que algunos gremios como el sindicato Jos\u00e9 Olaya Balandra y el sindicato de Capitanes y Patrones de Pesca se hayan unido para protestar sobre la problem\u00e1tica del sector.<\/p>\n<p style=\"text-align: justify;\"><em>&#8220;Lo que pasa es que hay una persecuci\u00f3n al Consumo Humano Directo, por eso pienso que se deber\u00eda juntar a la peque\u00f1a con la gran industria y exigir normas que no afecten a nadie&#8221;<\/em>, se\u00f1al\u00f3 Mayo Lugo, quien a su vez critic\u00f3 al Dirigente Javier Castro Zavaleta por haber dicho que no puede haber actividad porque en la pesca exploratoria se ha visto que mas del 50 por ciento del card\u00famen est\u00e1 peque\u00f1o.<\/p>\n<p style=\"text-align: justify;\"><em>\u201cLa verdad es que no puede decir que la Anchoveta est\u00e1 juvenil porque simplemente las embarcaciones no salieron como se hab\u00eda previsto, del 5 al 11 debido que no ubicaron las zonas donde hay este recurso&#8221;,<\/em> indic\u00f3,mortificado por la situaci\u00f3n que viene atravesando el sector donde cada uno se inclina a sus propios intereses.<\/p>\n<p style=\"text-align: justify;\"><strong>FUENTE:<\/strong> Diariodechimbote.com<\/p>\n","protected":false},"excerpt":{"rendered":"<p>Conocedor del tema pesquero, el Empresario Ezequiel Mayo Lugo, lament\u00f3 que la Direcci\u00f3n Regional de Producci\u00f3n no tenga una activa funci\u00f3n de controlar y supervisar el sector pesca concluyendo que esta entidad, estar\u00eda por las puras. Esto referido al problema en el sector pesca que se viene agudizando cada vez con mas fuerza, indicando que [&hellip;]<\/p>\n","protected":false},"author":2,"featured_media":0,"comment_status":"open","ping_status":"open","sticky":false,"template":"","format":"standard","meta":{"footnotes":""},"categories":[78,63],"tags":[195,544],"class_list":["post-2527","post","type-post","status-publish","format-standard","hentry","category-nacionales","category-noticias","tag-anchoveta","tag-consumo-humano-directo"],"_links":{"self":[{"href":"http:\/\/www.perupesquero.org\/web\/wp-json\/wp\/v2\/posts\/2527","targetHints":{"allow":["GET"]}}],"collection":[{"href":"http:\/\/www.perupesquero.org\/web\/wp-json\/wp\/v2\/posts"}],"about":[{"href":"http:\/\/www.perupesquero.org\/web\/wp-json\/wp\/v2\/types\/post"}],"author":[{"embeddable":true,"href":"http:\/\/www.perupesquero.org\/web\/wp-json\/wp\/v2\/users\/2"}],"replies":[{"embeddable":true,"href":"http:\/\/www.perupesquero.org\/web\/wp-json\/wp\/v2\/comments?post=2527"}],"version-history":[{"count":0,"href":"http:\/\/www.perupesquero.org\/web\/wp-json\/wp\/v2\/posts\/2527\/revisions"}],"wp:attachment":[{"href":"http:\/\/www.perupesquero.org\/web\/wp-json\/wp\/v2\/media?parent=2527"}],"wp:term":[{"taxonomy":"category","embeddable":true,"href":"http:\/\/www.perupesquero.org\/web\/wp-json\/wp\/v2\/categories?post=2527"},{"taxonomy":"post_tag","embeddable":true,"href":"http:\/\/www.perupesquero.org\/web\/wp-json\/wp\/v2\/tags?post=2527"}],"curies":[{"name":"wp","href":"https:\/\/api.w.org\/{rel}","templated":true}]}}