{"id":25085,"date":"2022-05-04T16:12:46","date_gmt":"2022-05-04T21:12:46","guid":{"rendered":"http:\/\/www.perupesquero.org\/web\/?p=25085"},"modified":"2022-05-04T16:12:51","modified_gmt":"2022-05-04T21:12:51","slug":"parque-galapagos-cuenta-con-inversion-para-control-marino-y-restauracion-de-una-de-sus-islas","status":"publish","type":"post","link":"http:\/\/www.perupesquero.org\/web\/parque-galapagos-cuenta-con-inversion-para-control-marino-y-restauracion-de-una-de-sus-islas\/","title":{"rendered":"Parque Gal\u00e1pagos cuenta con inversi\u00f3n para control marino y restauraci\u00f3n de una de sus islas"},"content":{"rendered":"\n<p>La Direcci\u00f3n del Parque Nacional Gal\u00e1pagos (<strong>DPNG)<\/strong>&nbsp;informa este mi\u00e9rcoles 4 de mayo de 2022 que firmaron el convenio para implementar el&nbsp;<strong>Proyecto<\/strong>&nbsp;<strong>GEF-7<\/strong>. Denominado: \u201cFortalecimiento de las \u00e1reas protegidas de Gal\u00e1pagos a trav\u00e9s de un adecuado control y vigilancia de la Reserva Marina y la Restauraci\u00f3n Ecol\u00f3gica de la isla Floreana\u201d.<\/p>\n\n\n\n<p>Con esta firma se formaliza el aporte de USD&nbsp;<strong>1 940 000<\/strong>, con una contraparte de USD&nbsp;<strong>13 580 000<\/strong>&nbsp;provenientes de la Direcci\u00f3n del Parque Nacional Gal\u00e1pagos, Banco de Desarrollo de Am\u00e9rica Latina (<strong>CAF)<\/strong>, KFW, Fundaci\u00f3n Jocotoco, y Blue Action Fund.<\/p>\n\n\n\n<p>El monto de inversi\u00f3n ser\u00e1 para tres\u00a0\u00e1reas prioritarias: fortalecimiento de actividades de control y patrullaje de la Reserva Marina de Gal\u00e1pagos; apoyo a la erradicaci\u00f3n selectiva de especies de vertebrados invasores en Floreana y el dise\u00f1o de un seguro para islas con el fin de reducir riesgos de posibles reintroducciones de especies invasoras en islas restauradas.<\/p>\n\n\n\n<p>Fuente: El Comercio Ecuador<\/p>\n","protected":false},"excerpt":{"rendered":"<p>La Direcci\u00f3n del Parque Nacional Gal\u00e1pagos (DPNG)&nbsp;informa este mi\u00e9rcoles 4 de mayo de 2022 que firmaron el convenio para implementar el&nbsp;Proyecto&nbsp;GEF-7. Denominado: \u201cFortalecimiento de las \u00e1reas protegidas de Gal\u00e1pagos a trav\u00e9s de un adecuado control y vigilancia de la Reserva Marina y la Restauraci\u00f3n Ecol\u00f3gica de la isla Floreana\u201d. Con esta firma se formaliza el [&hellip;]<\/p>\n","protected":false},"author":2,"featured_media":25086,"comment_status":"open","ping_status":"open","sticky":false,"template":"","format":"standard","meta":{"footnotes":""},"categories":[63],"tags":[],"class_list":["post-25085","post","type-post","status-publish","format-standard","has-post-thumbnail","hentry","category-noticias"],"_links":{"self":[{"href":"http:\/\/www.perupesquero.org\/web\/wp-json\/wp\/v2\/posts\/25085","targetHints":{"allow":["GET"]}}],"collection":[{"href":"http:\/\/www.perupesquero.org\/web\/wp-json\/wp\/v2\/posts"}],"about":[{"href":"http:\/\/www.perupesquero.org\/web\/wp-json\/wp\/v2\/types\/post"}],"author":[{"embeddable":true,"href":"http:\/\/www.perupesquero.org\/web\/wp-json\/wp\/v2\/users\/2"}],"replies":[{"embeddable":true,"href":"http:\/\/www.perupesquero.org\/web\/wp-json\/wp\/v2\/comments?post=25085"}],"version-history":[{"count":1,"href":"http:\/\/www.perupesquero.org\/web\/wp-json\/wp\/v2\/posts\/25085\/revisions"}],"predecessor-version":[{"id":25087,"href":"http:\/\/www.perupesquero.org\/web\/wp-json\/wp\/v2\/posts\/25085\/revisions\/25087"}],"wp:featuredmedia":[{"embeddable":true,"href":"http:\/\/www.perupesquero.org\/web\/wp-json\/wp\/v2\/media\/25086"}],"wp:attachment":[{"href":"http:\/\/www.perupesquero.org\/web\/wp-json\/wp\/v2\/media?parent=25085"}],"wp:term":[{"taxonomy":"category","embeddable":true,"href":"http:\/\/www.perupesquero.org\/web\/wp-json\/wp\/v2\/categories?post=25085"},{"taxonomy":"post_tag","embeddable":true,"href":"http:\/\/www.perupesquero.org\/web\/wp-json\/wp\/v2\/tags?post=25085"}],"curies":[{"name":"wp","href":"https:\/\/api.w.org\/{rel}","templated":true}]}}