{"id":25070,"date":"2022-05-03T21:59:30","date_gmt":"2022-05-04T02:59:30","guid":{"rendered":"http:\/\/www.perupesquero.org\/web\/?p=25070"},"modified":"2022-05-03T21:59:31","modified_gmt":"2022-05-04T02:59:31","slug":"congresista-lady-camones-plantea-recortar-plazos-para-ejecucion-de-ptar-ii","status":"publish","type":"post","link":"http:\/\/www.perupesquero.org\/web\/congresista-lady-camones-plantea-recortar-plazos-para-ejecucion-de-ptar-ii\/","title":{"rendered":"Congresista Lady Camones plantea recortar plazos para ejecuci\u00f3n de PTAR II"},"content":{"rendered":"\n<p>La propuesta la plante\u00f3 durante la presentaci\u00f3n del proyecto de la Planta de Tratamiento de Aguas Residuales PTAR II, que estuvo a cargo de t\u00e9cnicos del Ministerio de Vivienda, Construcci\u00f3n y Saneamiento.<\/p>\n\n\n\n<p>&#8220;Desde la ciudad de Chimbote levantamos nuestra voz para que se recorten los plazos de los actos preparatorios que contempla la elaboraci\u00f3n de los documentos de licitaci\u00f3n y del expediente t\u00e9cnico de la Planta de Tratamiento de Aguas de Residuales PTAR II&#8221;, manifest\u00f3 la parlamentaria.<\/p>\n\n\n\n<p>Camones Soriano, consider\u00f3 que le parece excesivo esperar m\u00e1s de tres a\u00f1os para que se inicie la ejecuci\u00f3n y puesta en marcha del megaproyecto de m\u00e1s de 600 millones de soles que permitir\u00e1 descontaminar la bah\u00eda, preservar el medio ambiente y la salud de las familias de Chimbote y Nuevo Chimbote.<\/p>\n\n\n\n<p>Nos corresponde estar vigilantes que se elabore un nuevo cronograma y a la vez, que la obra se ejecute bajo los criterios t\u00e9cnicos contemplados en el expediente.<\/p>\n\n\n\n<p>Camones Soriano particip\u00f3 en la presentaci\u00f3n, junto a representantes del banco alem\u00e1n KFW, SedaChimbote y autoridades locales, realizado en el auditorio de la Munipalidad Provincial del Santa.<\/p>\n\n\n\n<p>Dato:<\/p>\n\n\n\n<p>Proyecto beneficiar\u00e1 a m\u00e1s de 500 mil habitantes de la provincia del Santa y ser\u00e1 financiado por el Gobierno Central y la KFW<\/p>\n","protected":false},"excerpt":{"rendered":"<p>La propuesta la plante\u00f3 durante la presentaci\u00f3n del proyecto de la Planta de Tratamiento de Aguas Residuales PTAR II, que estuvo a cargo de t\u00e9cnicos del Ministerio de Vivienda, Construcci\u00f3n y Saneamiento. &#8220;Desde la ciudad de Chimbote levantamos nuestra voz para que se recorten los plazos de los actos preparatorios que contempla la elaboraci\u00f3n de [&hellip;]<\/p>\n","protected":false},"author":2,"featured_media":25071,"comment_status":"open","ping_status":"open","sticky":false,"template":"","format":"standard","meta":{"footnotes":""},"categories":[63],"tags":[],"class_list":["post-25070","post","type-post","status-publish","format-standard","has-post-thumbnail","hentry","category-noticias"],"_links":{"self":[{"href":"http:\/\/www.perupesquero.org\/web\/wp-json\/wp\/v2\/posts\/25070","targetHints":{"allow":["GET"]}}],"collection":[{"href":"http:\/\/www.perupesquero.org\/web\/wp-json\/wp\/v2\/posts"}],"about":[{"href":"http:\/\/www.perupesquero.org\/web\/wp-json\/wp\/v2\/types\/post"}],"author":[{"embeddable":true,"href":"http:\/\/www.perupesquero.org\/web\/wp-json\/wp\/v2\/users\/2"}],"replies":[{"embeddable":true,"href":"http:\/\/www.perupesquero.org\/web\/wp-json\/wp\/v2\/comments?post=25070"}],"version-history":[{"count":2,"href":"http:\/\/www.perupesquero.org\/web\/wp-json\/wp\/v2\/posts\/25070\/revisions"}],"predecessor-version":[{"id":25073,"href":"http:\/\/www.perupesquero.org\/web\/wp-json\/wp\/v2\/posts\/25070\/revisions\/25073"}],"wp:featuredmedia":[{"embeddable":true,"href":"http:\/\/www.perupesquero.org\/web\/wp-json\/wp\/v2\/media\/25071"}],"wp:attachment":[{"href":"http:\/\/www.perupesquero.org\/web\/wp-json\/wp\/v2\/media?parent=25070"}],"wp:term":[{"taxonomy":"category","embeddable":true,"href":"http:\/\/www.perupesquero.org\/web\/wp-json\/wp\/v2\/categories?post=25070"},{"taxonomy":"post_tag","embeddable":true,"href":"http:\/\/www.perupesquero.org\/web\/wp-json\/wp\/v2\/tags?post=25070"}],"curies":[{"name":"wp","href":"https:\/\/api.w.org\/{rel}","templated":true}]}}