{"id":24984,"date":"2022-04-27T12:18:30","date_gmt":"2022-04-27T17:18:30","guid":{"rendered":"http:\/\/www.perupesquero.org\/web\/?p=24984"},"modified":"2022-04-27T12:18:37","modified_gmt":"2022-04-27T17:18:37","slug":"seafood-expo-global-la-feria-donde-el-pescado-y-el-marisco-estan-en-el-centro-del-escenario","status":"publish","type":"post","link":"http:\/\/www.perupesquero.org\/web\/seafood-expo-global-la-feria-donde-el-pescado-y-el-marisco-estan-en-el-centro-del-escenario\/","title":{"rendered":"Seafood Expo Global: La feria donde el pescado y el marisco est\u00e1n en el centro del escenario"},"content":{"rendered":"\n<p>Barcelona se convierte esta semana en el gran escaparate mundial de los productos del mar, donde el origen, de pesca o acuicultura, pasa a un segundo plano y lo que importa es la calidad.<\/p>\n\n\n\n<p>Seafood Expo Global est\u00e1 organizada por Diversified Communications y es el primer evento presencial a gran escala desde que dio comienzo la pandemia y, por la cantidad de productores y proveedores de servicios y tecnolog\u00eda, se ve que ha sido una espera que est\u00e1 mereciendo la pena. Adem\u00e1s, sin mascarillas.<\/p>\n\n\n\n<p>A pesar de las grandes ausencias de las empresas chinas y rusas, la Seafood este a\u00f1o acoge 1.550 empresas expositoras de 76 pa\u00edses y 59 pabellones repartidos en 39.847 metros cuadrados. Se espera que el impacto&nbsp;econ\u00f3mico en la ciudad ascienda a m\u00e1s de 100 millones de euros.Esta edici\u00f3n destaca por la gran variedad de productos del mar y desarrollo de soluciones para mejorar la vida comercial y ofrecer un mayor valor a\u00f1adido para adaptarse a un mercado en continuo cambio. Como indic\u00f3 al respecto Liz Plizga, vicepresidenta de Diversified Communications, son la muestra de que las empresas &#8220;no han perdido el tiempo&#8221;.<\/p>\n\n\n\n<p>El potencial de la acuicultura tambi\u00e9n se ha puesto de manifiesto en los prestigiosos&nbsp;<a href=\"https:\/\/www.mispeces.com\/noticias\/Los-tallarines-de-salmon-de-Pescanova-se-coronan-en-la-Seafood-Expo-de-Barcelona\/\">premios Seafood Excellence Global Award<\/a>&nbsp;que han reconocido los tallarines de salm\u00f3n de Pescanova; las algas de GlobeXplore; el lomo de at\u00fan de Balfeg\u00f3 &amp; Balefeg\u00f3; o los mejillones de cultivo en salsa blanca de Krijn Verwijs Yereke.<\/p>\n\n\n\n<p>Estos productos y formatos destacaron entre un total de 80 candidaturas y una selecci\u00f3n de 38 finalistas de 13 pa\u00edses.<\/p>\n\n\n\n<p>Por primera vez en su historia, la Seafood Expo cuenta tambi\u00e9n con un amplio programa de conferencias y sesiones divulgativas donde la acuicultura tiene mucho que decir.<\/p>\n\n\n\n<p>La presencia espa\u00f1ola se est\u00e1 dejando notar en todos los halls de Fira Barcelona. Entre las empresas expositoras se encuentran Grupo Culmarex, Stolt Sea Farm o Avramar; institucionales como el Ministerio de Agricultura, Pesca y Alimentaci\u00f3n y las Comunidades Aut\u00f3nomas de Andaluc\u00eda, Catalu\u00f1a o Asturias; y empresas proveedoras<\/p>\n\n\n\n<p>Fuente: Mispeces.com<\/p>\n","protected":false},"excerpt":{"rendered":"<p>Barcelona se convierte esta semana en el gran escaparate mundial de los productos del mar, donde el origen, de pesca o acuicultura, pasa a un segundo plano y lo que importa es la calidad. Seafood Expo Global est\u00e1 organizada por Diversified Communications y es el primer evento presencial a gran escala desde que dio comienzo [&hellip;]<\/p>\n","protected":false},"author":2,"featured_media":24985,"comment_status":"open","ping_status":"open","sticky":false,"template":"","format":"standard","meta":{"footnotes":""},"categories":[63],"tags":[],"class_list":["post-24984","post","type-post","status-publish","format-standard","has-post-thumbnail","hentry","category-noticias"],"_links":{"self":[{"href":"http:\/\/www.perupesquero.org\/web\/wp-json\/wp\/v2\/posts\/24984","targetHints":{"allow":["GET"]}}],"collection":[{"href":"http:\/\/www.perupesquero.org\/web\/wp-json\/wp\/v2\/posts"}],"about":[{"href":"http:\/\/www.perupesquero.org\/web\/wp-json\/wp\/v2\/types\/post"}],"author":[{"embeddable":true,"href":"http:\/\/www.perupesquero.org\/web\/wp-json\/wp\/v2\/users\/2"}],"replies":[{"embeddable":true,"href":"http:\/\/www.perupesquero.org\/web\/wp-json\/wp\/v2\/comments?post=24984"}],"version-history":[{"count":2,"href":"http:\/\/www.perupesquero.org\/web\/wp-json\/wp\/v2\/posts\/24984\/revisions"}],"predecessor-version":[{"id":24987,"href":"http:\/\/www.perupesquero.org\/web\/wp-json\/wp\/v2\/posts\/24984\/revisions\/24987"}],"wp:featuredmedia":[{"embeddable":true,"href":"http:\/\/www.perupesquero.org\/web\/wp-json\/wp\/v2\/media\/24985"}],"wp:attachment":[{"href":"http:\/\/www.perupesquero.org\/web\/wp-json\/wp\/v2\/media?parent=24984"}],"wp:term":[{"taxonomy":"category","embeddable":true,"href":"http:\/\/www.perupesquero.org\/web\/wp-json\/wp\/v2\/categories?post=24984"},{"taxonomy":"post_tag","embeddable":true,"href":"http:\/\/www.perupesquero.org\/web\/wp-json\/wp\/v2\/tags?post=24984"}],"curies":[{"name":"wp","href":"https:\/\/api.w.org\/{rel}","templated":true}]}}