{"id":24963,"date":"2022-04-26T10:16:35","date_gmt":"2022-04-26T15:16:35","guid":{"rendered":"http:\/\/www.perupesquero.org\/web\/?p=24963"},"modified":"2022-04-26T10:16:36","modified_gmt":"2022-04-26T15:16:36","slug":"austral-group-cerro-con-exito-su-programa-de-vacaciones-utiles-muevete-virtual","status":"publish","type":"post","link":"http:\/\/www.perupesquero.org\/web\/austral-group-cerro-con-exito-su-programa-de-vacaciones-utiles-muevete-virtual\/","title":{"rendered":"Austral Group cerr\u00f3 con \u00e9xito su programa de vacaciones \u00fatiles \u201cMu\u00e9vete Virtual\u201d"},"content":{"rendered":"\n<p><em><strong>M\u00e1s de 120 ni\u00f1os, ni\u00f1as y j\u00f3venes de los distritos de Coishco, Chancay y Pisco fueron beneficiados con talleres gratuitos de baile.<\/strong><\/em><\/p>\n\n\n\n<p>La empresa pesquera Austral Group clausur\u00f3 con gran \u00e9xito una nueva edici\u00f3n de su programa de vacaciones \u00fatiles \u201cMu\u00e9vete virtual\u201d, que cont\u00f3 con la participaci\u00f3n de m\u00e1s de un centenar de ni\u00f1os, ni\u00f1as y j\u00f3venes, de 8 a 14 a\u00f1os de edad, de los distritos de Coishco (\u00c1ncash), Chancay (Lima) y Pisco (Ica).<\/p>\n\n\n\n<p>En esta oportunidad, un total de 121 menores accedieron gratuitamente a talleres virtuales de marinera, baile moderno y danzas t\u00edpicas, que se desarrollaron en doce sesiones para cada grupo. De esta forma, Austral Group promueve el sano entretenimiento y rutinas de vida saludable, aportando tambi\u00e9n a la salud emocional.<\/p>\n\n\n\n<p>Al respecto, Adriana Giudice, gerente general de Austral Group, indic\u00f3 que este programa, que se lleva a cabo desde el a\u00f1o 2015, es una demostraci\u00f3n m\u00e1s del compromiso de la empresa con el bienestar de las comunidades donde opera.<\/p>\n\n\n\n<p>En efecto, el programa Mu\u00e9vete se inici\u00f3 en el distrito de Coishco y se ha extendido a otras zonas donde la empresa pesquera realiza sus actividades. Desde hace siete a\u00f1os, esta iniciativa promueve e impulsa el deporte, la educaci\u00f3n y la cultura, y ha sido cuna de campeones nacionales e internacionales de marinera norte\u00f1a.<\/p>\n\n\n\n<p>Nota de prensa Austral Group<\/p>\n","protected":false},"excerpt":{"rendered":"<p>M\u00e1s de 120 ni\u00f1os, ni\u00f1as y j\u00f3venes de los distritos de Coishco, Chancay y Pisco fueron beneficiados con talleres gratuitos de baile. La empresa pesquera Austral Group clausur\u00f3 con gran \u00e9xito una nueva edici\u00f3n de su programa de vacaciones \u00fatiles \u201cMu\u00e9vete virtual\u201d, que cont\u00f3 con la participaci\u00f3n de m\u00e1s de un centenar de ni\u00f1os, ni\u00f1as [&hellip;]<\/p>\n","protected":false},"author":2,"featured_media":24964,"comment_status":"open","ping_status":"open","sticky":false,"template":"","format":"standard","meta":{"footnotes":""},"categories":[63],"tags":[],"class_list":["post-24963","post","type-post","status-publish","format-standard","has-post-thumbnail","hentry","category-noticias"],"_links":{"self":[{"href":"http:\/\/www.perupesquero.org\/web\/wp-json\/wp\/v2\/posts\/24963","targetHints":{"allow":["GET"]}}],"collection":[{"href":"http:\/\/www.perupesquero.org\/web\/wp-json\/wp\/v2\/posts"}],"about":[{"href":"http:\/\/www.perupesquero.org\/web\/wp-json\/wp\/v2\/types\/post"}],"author":[{"embeddable":true,"href":"http:\/\/www.perupesquero.org\/web\/wp-json\/wp\/v2\/users\/2"}],"replies":[{"embeddable":true,"href":"http:\/\/www.perupesquero.org\/web\/wp-json\/wp\/v2\/comments?post=24963"}],"version-history":[{"count":1,"href":"http:\/\/www.perupesquero.org\/web\/wp-json\/wp\/v2\/posts\/24963\/revisions"}],"predecessor-version":[{"id":24965,"href":"http:\/\/www.perupesquero.org\/web\/wp-json\/wp\/v2\/posts\/24963\/revisions\/24965"}],"wp:featuredmedia":[{"embeddable":true,"href":"http:\/\/www.perupesquero.org\/web\/wp-json\/wp\/v2\/media\/24964"}],"wp:attachment":[{"href":"http:\/\/www.perupesquero.org\/web\/wp-json\/wp\/v2\/media?parent=24963"}],"wp:term":[{"taxonomy":"category","embeddable":true,"href":"http:\/\/www.perupesquero.org\/web\/wp-json\/wp\/v2\/categories?post=24963"},{"taxonomy":"post_tag","embeddable":true,"href":"http:\/\/www.perupesquero.org\/web\/wp-json\/wp\/v2\/tags?post=24963"}],"curies":[{"name":"wp","href":"https:\/\/api.w.org\/{rel}","templated":true}]}}