{"id":24953,"date":"2022-04-25T16:24:43","date_gmt":"2022-04-25T21:24:43","guid":{"rendered":"http:\/\/www.perupesquero.org\/web\/?p=24953"},"modified":"2022-04-25T16:24:44","modified_gmt":"2022-04-25T21:24:44","slug":"china-culpa-de-rebrote-de-covid-a-importadores-de-camaron-ecuatoriano","status":"publish","type":"post","link":"http:\/\/www.perupesquero.org\/web\/china-culpa-de-rebrote-de-covid-a-importadores-de-camaron-ecuatoriano\/","title":{"rendered":"China culpa de rebrote de Covid a importadores de camar\u00f3n ecuatoriano"},"content":{"rendered":"\n<p>Las suspensiones de env\u00edos de camar\u00f3n ecuatoriano a China se dan mientras el gigante asi\u00e1tico culpa a sus importaciones de los rebrotes de Covid-19. El canciller Juan Carlos Holgu\u00edn dijo que varios env\u00edos de camar\u00f3n ecuatoriano han registrado problemas para entrar a China en 2022.<\/p>\n\n\n\n<p>El funcionario dio esa informaci\u00f3n, en una entrevista con Ecuavisa.<\/p>\n\n\n\n<p>Las nuevas suspensiones temporales a empresas del sector camaronero ecuatoriano ocurren por supuestos hallazgos de trazas de Covid-19 en contenedores que transportaban el crust\u00e1ceo.<\/p>\n\n\n\n<p>As\u00ed lo explica IntraFish Media, principal portal especializado en precios y an\u00e1lisis sobre las industrias mundiales de productos del mar, pesca comercial y acuicultura.&nbsp;<\/p>\n\n\n\n<p>Seg\u00fan Intrafish Media, \u201clas autoridades aduaneras de China sostienen que encontraron 14 muestras de empaque exterior y dos muestras de empaque interno de 11 lotes de camarones vannamei congelados importados de Ecuador que dieron positivo para el nuevo \u00e1cido nucleico del coronavirus\u201d.<\/p>\n\n\n\n<p>Consultado a la C\u00e1mara Nacional de Acuacultura (CNA) sobre los nuevos hallazgos de trazas de Covid-19 en contenedores de camar\u00f3n ecuatoriano. La respuesta del gremio fue que esa informaci\u00f3n debe darla el Ministerio de Producci\u00f3n.<\/p>\n\n\n\n<p>Esa Cartera de Estado a\u00fan no ha respondido un pedido de informaci\u00f3n sobre el tema.<\/p>\n\n\n\n<p>Sobrecostos por bloqueos<\/p>\n\n\n\n<p>Las suspensiones de env\u00edos de camar\u00f3n ecuatoriano a China se dan mientras el gigante asi\u00e1tico culpa a sus importaciones de los rebrotes de Covid-19, afirma el medio financiero The Economist.<\/p>\n\n\n\n<p>Eso a pesar de que la Organizaci\u00f3n Mundial de la Salud (OMS) ha dicho que no hay evidencia de que las personas puedan contraer Covid-19 de alimentos o envases de alimentos.<\/p>\n\n\n\n<p>En la lista de productos importados suspendidos por China figuran:<\/p>\n\n\n\n<p>Salm\u00f3n de Noruega.<\/p>\n\n\n\n<p>Cangrejos de Chile.<\/p>\n\n\n\n<p>Ropa y paquetes de Corea del Sur.<\/p>\n\n\n\n<p>Se trata de productos que, junto al camar\u00f3n ecuatoriano, han tenido que pagar sobrecostos por las pruebas y cuarentenas que deben cumplir sus cargamentos en China.<\/p>\n\n\n\n<p>\u00a0Al inicio de la pandemia, China suspendi\u00f3 algunas exportaciones de camar\u00f3n ecuatoriano luego de que, supuestamente, hall\u00f3 trazas de Covid-19. En ese entonces, representantes del sector exportador de Ecuador cuestionaron estas suspensiones de cargamentos y se\u00f1alaron que se trataba de una estrategia de China para disminuir precios de los productos que importa.<br><br>Fuentes: Primicias<\/p>\n","protected":false},"excerpt":{"rendered":"<p>Las suspensiones de env\u00edos de camar\u00f3n ecuatoriano a China se dan mientras el gigante asi\u00e1tico culpa a sus importaciones de los rebrotes de Covid-19. El canciller Juan Carlos Holgu\u00edn dijo que varios env\u00edos de camar\u00f3n ecuatoriano han registrado problemas para entrar a China en 2022. El funcionario dio esa informaci\u00f3n, en una entrevista con Ecuavisa. [&hellip;]<\/p>\n","protected":false},"author":2,"featured_media":24954,"comment_status":"open","ping_status":"open","sticky":false,"template":"","format":"standard","meta":{"footnotes":""},"categories":[63],"tags":[],"class_list":["post-24953","post","type-post","status-publish","format-standard","has-post-thumbnail","hentry","category-noticias"],"_links":{"self":[{"href":"http:\/\/www.perupesquero.org\/web\/wp-json\/wp\/v2\/posts\/24953","targetHints":{"allow":["GET"]}}],"collection":[{"href":"http:\/\/www.perupesquero.org\/web\/wp-json\/wp\/v2\/posts"}],"about":[{"href":"http:\/\/www.perupesquero.org\/web\/wp-json\/wp\/v2\/types\/post"}],"author":[{"embeddable":true,"href":"http:\/\/www.perupesquero.org\/web\/wp-json\/wp\/v2\/users\/2"}],"replies":[{"embeddable":true,"href":"http:\/\/www.perupesquero.org\/web\/wp-json\/wp\/v2\/comments?post=24953"}],"version-history":[{"count":2,"href":"http:\/\/www.perupesquero.org\/web\/wp-json\/wp\/v2\/posts\/24953\/revisions"}],"predecessor-version":[{"id":24956,"href":"http:\/\/www.perupesquero.org\/web\/wp-json\/wp\/v2\/posts\/24953\/revisions\/24956"}],"wp:featuredmedia":[{"embeddable":true,"href":"http:\/\/www.perupesquero.org\/web\/wp-json\/wp\/v2\/media\/24954"}],"wp:attachment":[{"href":"http:\/\/www.perupesquero.org\/web\/wp-json\/wp\/v2\/media?parent=24953"}],"wp:term":[{"taxonomy":"category","embeddable":true,"href":"http:\/\/www.perupesquero.org\/web\/wp-json\/wp\/v2\/categories?post=24953"},{"taxonomy":"post_tag","embeddable":true,"href":"http:\/\/www.perupesquero.org\/web\/wp-json\/wp\/v2\/tags?post=24953"}],"curies":[{"name":"wp","href":"https:\/\/api.w.org\/{rel}","templated":true}]}}