{"id":24879,"date":"2022-04-19T10:41:35","date_gmt":"2022-04-19T15:41:35","guid":{"rendered":"http:\/\/www.perupesquero.org\/web\/?p=24879"},"modified":"2022-04-19T10:50:12","modified_gmt":"2022-04-19T15:50:12","slug":"la-comision-europea-pone-en-marcha-nuevas-medidas-para-apoyar-la-pesca-y-la-acuicultura","status":"publish","type":"post","link":"http:\/\/www.perupesquero.org\/web\/la-comision-europea-pone-en-marcha-nuevas-medidas-para-apoyar-la-pesca-y-la-acuicultura\/","title":{"rendered":"La Comisi\u00f3n Europea pone en marcha nuevas medidas para apoyar la pesca y la acuicultura"},"content":{"rendered":"\n<p>La Comisi\u00f3n Europea ha puesto en marcha una enmienda legislativa del Fondo Europeo Mar\u00edtimo y de la Pesca (FEMP 2014 \u2013 2020) con nuevas medidas para apoyar a la pesca y la acuicultura del impacto de la invasi\u00f3n rusa de Ucrania y las consecuencias colaterales en el continente europeo.<\/p>\n\n\n\n<p>De esta forma se complementa el paquete de medidas adoptado el 25 de marzo y que incluye compensaci\u00f3n econ\u00f3mica por costes adicionales, lucro cesante y almacenamiento de productos, as\u00ed como por la interrupci\u00f3n temporal de las actividades pesqueras por ser actualmente inseguras.<\/p>\n\n\n\n<p>Se trata, como se\u00f1al\u00f3 el comisario de Medio Ambiente, Oc\u00e9anos y Pesca, Virginijus Sinkevi\u010dius, de aprovechar los fondos remanentes del FEMP para que puedan reasignarse y mitigar el impacto socioecon\u00f3mico de la crisis por la subida del precio de la energ\u00eda y las materias primas.<\/p>\n\n\n\n<p>Entre las medidas destacan la dirigida a las organizaciones de productores que almacenen productos de la pesca o la acuicultura; y compensaci\u00f3n financiera a los operadores pesqueros y acu\u00edcolas, incluido el de procesado.<\/p>\n\n\n\n<p><a rel=\"noreferrer noopener\" href=\"https:\/\/bit.ly\/3EkMIa9\" target=\"_blank\">REGULATION OF THE EUROPEAN PARLIAMENT AND OF THE COUNCIL amending and correcting Regulation (EU) No 508\/2014 as regards specific measures to alleviate the consequences of the military aggression of Russia against Ukraine on fishing activities and to mitigate the effects of the market disruption caused by that military aggression on the supply chain of fishery and aquaculture products<\/a><\/p>\n\n\n\n<p>Fuente: mispeces.com<\/p>\n","protected":false},"excerpt":{"rendered":"<p>La Comisi\u00f3n Europea ha puesto en marcha una enmienda legislativa del Fondo Europeo Mar\u00edtimo y de la Pesca (FEMP 2014 \u2013 2020) con nuevas medidas para apoyar a la pesca y la acuicultura del impacto de la invasi\u00f3n rusa de Ucrania y las consecuencias colaterales en el continente europeo. De esta forma se complementa el [&hellip;]<\/p>\n","protected":false},"author":2,"featured_media":24880,"comment_status":"open","ping_status":"open","sticky":false,"template":"","format":"standard","meta":{"footnotes":""},"categories":[63],"tags":[],"class_list":["post-24879","post","type-post","status-publish","format-standard","has-post-thumbnail","hentry","category-noticias"],"_links":{"self":[{"href":"http:\/\/www.perupesquero.org\/web\/wp-json\/wp\/v2\/posts\/24879","targetHints":{"allow":["GET"]}}],"collection":[{"href":"http:\/\/www.perupesquero.org\/web\/wp-json\/wp\/v2\/posts"}],"about":[{"href":"http:\/\/www.perupesquero.org\/web\/wp-json\/wp\/v2\/types\/post"}],"author":[{"embeddable":true,"href":"http:\/\/www.perupesquero.org\/web\/wp-json\/wp\/v2\/users\/2"}],"replies":[{"embeddable":true,"href":"http:\/\/www.perupesquero.org\/web\/wp-json\/wp\/v2\/comments?post=24879"}],"version-history":[{"count":3,"href":"http:\/\/www.perupesquero.org\/web\/wp-json\/wp\/v2\/posts\/24879\/revisions"}],"predecessor-version":[{"id":24884,"href":"http:\/\/www.perupesquero.org\/web\/wp-json\/wp\/v2\/posts\/24879\/revisions\/24884"}],"wp:featuredmedia":[{"embeddable":true,"href":"http:\/\/www.perupesquero.org\/web\/wp-json\/wp\/v2\/media\/24880"}],"wp:attachment":[{"href":"http:\/\/www.perupesquero.org\/web\/wp-json\/wp\/v2\/media?parent=24879"}],"wp:term":[{"taxonomy":"category","embeddable":true,"href":"http:\/\/www.perupesquero.org\/web\/wp-json\/wp\/v2\/categories?post=24879"},{"taxonomy":"post_tag","embeddable":true,"href":"http:\/\/www.perupesquero.org\/web\/wp-json\/wp\/v2\/tags?post=24879"}],"curies":[{"name":"wp","href":"https:\/\/api.w.org\/{rel}","templated":true}]}}