{"id":24824,"date":"2022-04-11T17:17:55","date_gmt":"2022-04-11T22:17:55","guid":{"rendered":"http:\/\/www.perupesquero.org\/web\/?p=24824"},"modified":"2022-04-11T17:19:45","modified_gmt":"2022-04-11T22:19:45","slug":"indeci-recomienda-medidas-de-prevencion-por-oleajes-intensos","status":"publish","type":"post","link":"http:\/\/www.perupesquero.org\/web\/indeci-recomienda-medidas-de-prevencion-por-oleajes-intensos\/","title":{"rendered":"Indeci recomienda medidas de prevenci\u00f3n por oleajes intensos"},"content":{"rendered":"\n<p>El Instituto Nacional de Defensa Civil (Indeci) recomienda medidas de preparaci\u00f3n ante el Aviso Oceanogr\u00e1fico Especial N\u00b0 25, emitido por la Direcci\u00f3n de Hidrograf\u00eda y Navegaci\u00f3n (DHN) de la Marina de Guerra del Per\u00fa, sobre los oleajes de ligera a moderada intensidad que se presentar\u00edan en todo el litoral desde ma\u00f1ana lunes 11 de abril.<\/p>\n\n\n\n<p>De acuerdo a dicho comunicado, habr\u00eda oleaje ligero en la costa norte y parte del centro, espec\u00edficamente entre las localidades de Salaverry y el Callao, desde el martes 12 y lunes 11, respectivamente.<\/p>\n\n\n\n<p>En el resto del litoral centro, entre Cerro Azul y San Juan, al igual que en el sur, este fen\u00f3meno empezar\u00eda el lunes 11 para incrementar a moderado al d\u00eda siguiente y disminuir a ligero el mi\u00e9rcoles 13.<\/p>\n\n\n\n<p>Prevenci\u00f3n<strong>\u00a0<\/strong><\/p>\n\n\n\n<p><meta charset=\"utf-8\">Ante esta situaci\u00f3n, el Indeci exhort\u00f3 a las autoridades regionales y locales a orientar a la poblaci\u00f3n en cuanto a medidas de protecci\u00f3n espec\u00edficas, evitando exponerse a este fen\u00f3meno para prevenir accidentes y\/o da\u00f1os personales y materiales.<\/p>\n\n\n\n<p>Recomend\u00f3 suspender las actividades portuarias y de pesca, as\u00ed como asegurar las embarcaciones y\/o retirar las flotas peque\u00f1as hacia tierra firme. Adem\u00e1s, se debe evitar actividades deportivas y recreativas durante el periodo de oleaje, as\u00ed como campamentos cerca de las zonas de playa.<\/p>\n\n\n\n<p>El Indeci, a trav\u00e9s del Centro de Operaciones de Emergencia Nacional (COEN), monitorea los departamentos del litoral peruano en coordinaci\u00f3n con las oficinas de Gesti\u00f3n del Riesgo de Desastres y la DHN, con la finalidad de brindar informaci\u00f3n a las autoridades y poblaci\u00f3n en general sobre los eventos que se presenten.<\/p>\n\n\n\n<p>Fuente: Andina<\/p>\n","protected":false},"excerpt":{"rendered":"<p>El Instituto Nacional de Defensa Civil (Indeci) recomienda medidas de preparaci\u00f3n ante el Aviso Oceanogr\u00e1fico Especial N\u00b0 25, emitido por la Direcci\u00f3n de Hidrograf\u00eda y Navegaci\u00f3n (DHN) de la Marina de Guerra del Per\u00fa, sobre los oleajes de ligera a moderada intensidad que se presentar\u00edan en todo el litoral desde ma\u00f1ana lunes 11 de abril. [&hellip;]<\/p>\n","protected":false},"author":2,"featured_media":24825,"comment_status":"open","ping_status":"open","sticky":false,"template":"","format":"standard","meta":{"footnotes":""},"categories":[63],"tags":[],"class_list":["post-24824","post","type-post","status-publish","format-standard","has-post-thumbnail","hentry","category-noticias"],"_links":{"self":[{"href":"http:\/\/www.perupesquero.org\/web\/wp-json\/wp\/v2\/posts\/24824","targetHints":{"allow":["GET"]}}],"collection":[{"href":"http:\/\/www.perupesquero.org\/web\/wp-json\/wp\/v2\/posts"}],"about":[{"href":"http:\/\/www.perupesquero.org\/web\/wp-json\/wp\/v2\/types\/post"}],"author":[{"embeddable":true,"href":"http:\/\/www.perupesquero.org\/web\/wp-json\/wp\/v2\/users\/2"}],"replies":[{"embeddable":true,"href":"http:\/\/www.perupesquero.org\/web\/wp-json\/wp\/v2\/comments?post=24824"}],"version-history":[{"count":3,"href":"http:\/\/www.perupesquero.org\/web\/wp-json\/wp\/v2\/posts\/24824\/revisions"}],"predecessor-version":[{"id":24829,"href":"http:\/\/www.perupesquero.org\/web\/wp-json\/wp\/v2\/posts\/24824\/revisions\/24829"}],"wp:featuredmedia":[{"embeddable":true,"href":"http:\/\/www.perupesquero.org\/web\/wp-json\/wp\/v2\/media\/24825"}],"wp:attachment":[{"href":"http:\/\/www.perupesquero.org\/web\/wp-json\/wp\/v2\/media?parent=24824"}],"wp:term":[{"taxonomy":"category","embeddable":true,"href":"http:\/\/www.perupesquero.org\/web\/wp-json\/wp\/v2\/categories?post=24824"},{"taxonomy":"post_tag","embeddable":true,"href":"http:\/\/www.perupesquero.org\/web\/wp-json\/wp\/v2\/tags?post=24824"}],"curies":[{"name":"wp","href":"https:\/\/api.w.org\/{rel}","templated":true}]}}