{"id":24820,"date":"2022-04-11T15:17:59","date_gmt":"2022-04-11T20:17:59","guid":{"rendered":"http:\/\/www.perupesquero.org\/web\/?p=24820"},"modified":"2022-04-11T15:18:00","modified_gmt":"2022-04-11T20:18:00","slug":"los-pescadores-artesanales-valencianos-ven-ridicula-la-captura-asignada-de-atun-rojo","status":"publish","type":"post","link":"http:\/\/www.perupesquero.org\/web\/los-pescadores-artesanales-valencianos-ven-ridicula-la-captura-asignada-de-atun-rojo\/","title":{"rendered":"Los pescadores artesanales valencianos ven \u201crid\u00edcula\u201d la captura asignada de at\u00fan rojo"},"content":{"rendered":"\n<p><strong><em>Los pescadores artesanales valencianos ven \u201crid\u00edcula\u201d la captura asignada de at\u00fan rojo<\/em><\/strong><\/p>\n\n\n\n<p><strong><em>Denuncian que las grandes empresas atuneras se llevan el 80 por ciento de la cuota<\/em><\/strong><\/p>\n\n\n\n<p>La campa\u00f1a del at\u00fan rojo empezar\u00e1 el 19 de abril para las&nbsp;52 embarcaciones artesanales de la Comunitat Valenciana,&nbsp;que califican de&nbsp;\u201crid\u00edcula\u201d&nbsp;la cantidad de kilos asignados por barco,&nbsp;526,1 kg, 36 menos que la campa\u00f1a anterior.<\/p>\n\n\n\n<p>Las 52 embarcaciones pertenecen a\u00a09 cofrad\u00edas de pescadores de los puertos de Vinar\u00f2s, Benicarl\u00f3, Castell\u00f3 de la Plana y Pe\u00f1\u00edscola, en la provincia de Castell\u00f3n; Villajoyosa, Campello, Alicante y Moraira, en la provincia de Alicante; y Gandia, en Valencia.<\/p>\n\n\n\n<p><strong>COINCOPESCA<\/strong>, la Comisi\u00f3n Interfederativa de Cofrad\u00edas de Pescadores de la Comunidad Valenciana, ha asegurado en un comunicado que<strong>\u00a0l<\/strong>a mayor\u00eda de barcas artesanales acaba \u201cesta miserable cuota\u201d en uno o dos d\u00edas.<\/p>\n\n\n\n<p>Los pescadores se\u00f1alan que la poblaci\u00f3n de at\u00fan rojo se ha recuperado de forma extraordinaria<strong>\u00a0\u201c<\/strong>hasta el extremo de convertirse en una plaga marina\u201d\u00a0que arrasa con muchos bancos de peces, adem\u00e1s de \u201centorpecer\u201d las capturas profesionales de otras modalidades de pesca como el arrastre y el cerco.<\/p>\n\n\n\n<p>Asimismo, recuerda que&nbsp;la pesca del at\u00fan desarrollada por la flota valenciana es una actividad artesanal&nbsp;y sostenible que utiliza la l\u00ednea de mano para capturar los t\u00fanidos, frente a las grandes embarcaciones de cerco, arrastre y jaulas marinas de las grandes empresas atuneras, que se llevan el 80 % del reparto de la cuota.<\/p>\n\n\n\n<p>Fuente:La Raz\u00f3n<\/p>\n","protected":false},"excerpt":{"rendered":"<p>Los pescadores artesanales valencianos ven \u201crid\u00edcula\u201d la captura asignada de at\u00fan rojo Denuncian que las grandes empresas atuneras se llevan el 80 por ciento de la cuota La campa\u00f1a del at\u00fan rojo empezar\u00e1 el 19 de abril para las&nbsp;52 embarcaciones artesanales de la Comunitat Valenciana,&nbsp;que califican de&nbsp;\u201crid\u00edcula\u201d&nbsp;la cantidad de kilos asignados por barco,&nbsp;526,1 kg, 36 [&hellip;]<\/p>\n","protected":false},"author":2,"featured_media":24821,"comment_status":"open","ping_status":"open","sticky":false,"template":"","format":"standard","meta":{"footnotes":""},"categories":[63],"tags":[],"class_list":["post-24820","post","type-post","status-publish","format-standard","has-post-thumbnail","hentry","category-noticias"],"_links":{"self":[{"href":"http:\/\/www.perupesquero.org\/web\/wp-json\/wp\/v2\/posts\/24820","targetHints":{"allow":["GET"]}}],"collection":[{"href":"http:\/\/www.perupesquero.org\/web\/wp-json\/wp\/v2\/posts"}],"about":[{"href":"http:\/\/www.perupesquero.org\/web\/wp-json\/wp\/v2\/types\/post"}],"author":[{"embeddable":true,"href":"http:\/\/www.perupesquero.org\/web\/wp-json\/wp\/v2\/users\/2"}],"replies":[{"embeddable":true,"href":"http:\/\/www.perupesquero.org\/web\/wp-json\/wp\/v2\/comments?post=24820"}],"version-history":[{"count":2,"href":"http:\/\/www.perupesquero.org\/web\/wp-json\/wp\/v2\/posts\/24820\/revisions"}],"predecessor-version":[{"id":24823,"href":"http:\/\/www.perupesquero.org\/web\/wp-json\/wp\/v2\/posts\/24820\/revisions\/24823"}],"wp:featuredmedia":[{"embeddable":true,"href":"http:\/\/www.perupesquero.org\/web\/wp-json\/wp\/v2\/media\/24821"}],"wp:attachment":[{"href":"http:\/\/www.perupesquero.org\/web\/wp-json\/wp\/v2\/media?parent=24820"}],"wp:term":[{"taxonomy":"category","embeddable":true,"href":"http:\/\/www.perupesquero.org\/web\/wp-json\/wp\/v2\/categories?post=24820"},{"taxonomy":"post_tag","embeddable":true,"href":"http:\/\/www.perupesquero.org\/web\/wp-json\/wp\/v2\/tags?post=24820"}],"curies":[{"name":"wp","href":"https:\/\/api.w.org\/{rel}","templated":true}]}}