{"id":24805,"date":"2022-04-10T12:18:33","date_gmt":"2022-04-10T17:18:33","guid":{"rendered":"http:\/\/www.perupesquero.org\/web\/?p=24805"},"modified":"2022-04-10T12:19:21","modified_gmt":"2022-04-10T17:19:21","slug":"produce-se-compromete-a-ampliar-plazo-de-formalizacion-pesquera-para-prevenir-un-nuevo-conflicto-social","status":"publish","type":"post","link":"http:\/\/www.perupesquero.org\/web\/produce-se-compromete-a-ampliar-plazo-de-formalizacion-pesquera-para-prevenir-un-nuevo-conflicto-social\/","title":{"rendered":"PRODUCE se compromete a ampliar plazo de formalizaci\u00f3n pesquera para prevenir un nuevo conflicto social"},"content":{"rendered":"\n<p><strong><em>M\u00e1s de 7000 pescadores artesanales esperan que el Estado cumpla con permitir la formalizaci\u00f3n pesquera reclamada por ellos.<\/em><\/strong><\/p>\n\n\n\n<p>El Ministerio de la Producci\u00f3n (PRODUCE) extender\u00eda los plazos de la formalizaci\u00f3n pesquera por tres meses m\u00e1s, revel\u00f3 Mario Fiestas, dirigente de la Cooperativa San Jos\u00e9, quien sostuvo recientemente una reuni\u00f3n con el titular de PRODUCE, Jorge Luis Prado Palomino.<\/p>\n\n\n\n<p>Dicha medida se habr\u00eda dado debido a que las cooperativas pesqueras del norte de Per\u00fa denunciaron que PRODUCE no ten\u00eda la voluntad de concluir la formalizaci\u00f3n, tras meses de intentos infructuosos de b\u00fasqueda de acciones conjuntas para la mejora del proceso de formalizaci\u00f3n de sus embarcaciones.<\/p>\n\n\n\n<p>Luego de haber recibido la promesa de soluci\u00f3n por parte del titular de PRODUCE, Jorge Palomino, grande fue la sorpresa cuando el 4 de abril, las cooperativas fueran notificadas, a trav\u00e9s de una resoluci\u00f3n de la Direcci\u00f3n General de Pesca Artesanal, del inicio de un proceso administrativo para declarar la caducidad de sus permisos de pesca.<\/p>\n\n\n\n<p>El especialista en derecho administrativo, Piero Rojas V\u00e1squez, manifest\u00f3 que dicha resoluci\u00f3n carece de legalidad y legitimidad.<\/p>\n\n\n\n<p>\u201cLa Ley de Procedimiento Administrativo General dispone expresamente que solo las normas con rango de ley pueden fijar un plazo de vigencia y condiciones resolutorias.<\/p>\n\n\n\n<p>Agreg\u00f3 que la citada norma conten\u00eda otros vicios que la descalificaban absolutamente.<\/p>\n\n\n\n<p>El pasado 6 de abril lograron reunirse con el Viceministro de Pesca y Acuicultura y los directores de Pesca Artesanal y de Pol\u00edticas, as\u00ed como otros funcionarios del PRODUCE y de la Direcci\u00f3n General de Capitan\u00edas y Guardacostas (DICAPI).<\/p>\n\n\n\n<p>En ese encuentro se anunci\u00f3 la pr\u00f3rroga de los plazos y los representantes de Direcci\u00f3n General de Pesca Artesanal, manifestaron que no ejecutar\u00e1n los procesos de caducidad iniciados con Resoluci\u00f3n Directoral, comprometi\u00e9ndose a dejar sin efecto dichas resoluciones.<\/p>\n\n\n\n<p>Al respecto, Fiestas manifest\u00f3 que esta medida representa una soluci\u00f3n temporal, pero que es indispensable que el Ministerio de la Producci\u00f3n eval\u00fae el problema de fondo, actuando con planificaci\u00f3n y prospectiva.<\/p>\n\n\n\n<p>\u201cEn este caso espec\u00edfico, ser\u00eda el sexto decreto supremo ampliatorio de plazos que se da para concluir la formalizaci\u00f3n de las cooperativas pesqueras, la que no ha sido posible por fallas del propio Estado\u201d, precis\u00f3 el dirigente pesquero.<\/p>\n\n\n\n<p>\u201cLas autoridades se\u00f1alaron que en el breve plazo pre publicar\u00edan un proyecto de decreto supremo que s\u00ed buscar\u00eda corregir los problemas de fondo, logrando por fin que la formalizaci\u00f3n pesquera sea sencilla para el administrado\u201d, detall\u00f3.<\/p>\n\n\n\n<p>Finalmente, Fiestas adelant\u00f3 que el Ministerio de la Producci\u00f3n organizar\u00eda reuniones semanales con las cooperativas pesqueras para darles un mejor acompa\u00f1amiento en su avance.<\/p>\n\n\n\n<p>\u201cPor el bien de la transici\u00f3n a la econom\u00eda formal de esta importante actividad econ\u00f3mica, los armadores pesqueros artesanales conf\u00edan en que el Ministerio de la Producci\u00f3n cumpla con sus promesas, para que no se llegue al escalamiento de este latente conflicto social\u201d sentenci\u00f3.<\/p>\n\n\n\n<p>Dato importante<\/p>\n\n\n\n<p>Las cooperativas pesqueras del norte de Per\u00fa de La Islilla, La Tortuga y San Jos\u00e9 que se reunieron con las autoridades del Ministerio de la Producci\u00f3n, poseen flotas para la extracci\u00f3n de pota y perico de m\u00e1s de 900 embarcaciones y emplean a m\u00e1s de 7000 pescadores.<\/p>\n","protected":false},"excerpt":{"rendered":"<p>M\u00e1s de 7000 pescadores artesanales esperan que el Estado cumpla con permitir la formalizaci\u00f3n pesquera reclamada por ellos. El Ministerio de la Producci\u00f3n (PRODUCE) extender\u00eda los plazos de la formalizaci\u00f3n pesquera por tres meses m\u00e1s, revel\u00f3 Mario Fiestas, dirigente de la Cooperativa San Jos\u00e9, quien sostuvo recientemente una reuni\u00f3n con el titular de PRODUCE, Jorge [&hellip;]<\/p>\n","protected":false},"author":2,"featured_media":24806,"comment_status":"open","ping_status":"open","sticky":false,"template":"","format":"standard","meta":{"footnotes":""},"categories":[63],"tags":[],"class_list":["post-24805","post","type-post","status-publish","format-standard","has-post-thumbnail","hentry","category-noticias"],"_links":{"self":[{"href":"http:\/\/www.perupesquero.org\/web\/wp-json\/wp\/v2\/posts\/24805","targetHints":{"allow":["GET"]}}],"collection":[{"href":"http:\/\/www.perupesquero.org\/web\/wp-json\/wp\/v2\/posts"}],"about":[{"href":"http:\/\/www.perupesquero.org\/web\/wp-json\/wp\/v2\/types\/post"}],"author":[{"embeddable":true,"href":"http:\/\/www.perupesquero.org\/web\/wp-json\/wp\/v2\/users\/2"}],"replies":[{"embeddable":true,"href":"http:\/\/www.perupesquero.org\/web\/wp-json\/wp\/v2\/comments?post=24805"}],"version-history":[{"count":3,"href":"http:\/\/www.perupesquero.org\/web\/wp-json\/wp\/v2\/posts\/24805\/revisions"}],"predecessor-version":[{"id":24810,"href":"http:\/\/www.perupesquero.org\/web\/wp-json\/wp\/v2\/posts\/24805\/revisions\/24810"}],"wp:featuredmedia":[{"embeddable":true,"href":"http:\/\/www.perupesquero.org\/web\/wp-json\/wp\/v2\/media\/24806"}],"wp:attachment":[{"href":"http:\/\/www.perupesquero.org\/web\/wp-json\/wp\/v2\/media?parent=24805"}],"wp:term":[{"taxonomy":"category","embeddable":true,"href":"http:\/\/www.perupesquero.org\/web\/wp-json\/wp\/v2\/categories?post=24805"},{"taxonomy":"post_tag","embeddable":true,"href":"http:\/\/www.perupesquero.org\/web\/wp-json\/wp\/v2\/tags?post=24805"}],"curies":[{"name":"wp","href":"https:\/\/api.w.org\/{rel}","templated":true}]}}