{"id":24779,"date":"2022-04-07T13:50:28","date_gmt":"2022-04-07T18:50:28","guid":{"rendered":"http:\/\/www.perupesquero.org\/web\/?p=24779"},"modified":"2022-04-07T13:50:29","modified_gmt":"2022-04-07T18:50:29","slug":"produce-apoyara-la-red-de-ollas-comunes-con-alimentos-baratos","status":"publish","type":"post","link":"http:\/\/www.perupesquero.org\/web\/produce-apoyara-la-red-de-ollas-comunes-con-alimentos-baratos\/","title":{"rendered":"Produce apoyar\u00e1 la Red de Ollas Comunes con alimentos baratos"},"content":{"rendered":"\n<p>Frente a la crisis econ\u00f3mica por el alza de precios, el programa A Comer Pescado, del Ministerio de la Producci\u00f3n (Produce), apoyar\u00e1 con productos hidrobiol\u00f3gicos a bajo costo y cerca de sus casas a la red de Ollas Comunes de Lima Metropolitana, que alimenta cada d\u00eda a 255 mil personas.<\/p>\n\n\n\n<p>En reuni\u00f3n con responsables de comedores, el ministro de la Producci\u00f3n, Jorge Luis Prado, asegur\u00f3 que el sector no solo llevar\u00e1 alimentos a la red de Ollas Comunes, integrada por 2500 comedores de 17 distritos de Lima Metropolitana, sino tambi\u00e9n brindar\u00e1 capacitaci\u00f3n sobre el proceso de la pesca y acuicultura.<\/p>\n\n\n\n<p>\u201cQueremos asesorarlos para fortalecer la forma de asociarlos y tambi\u00e9n, a trav\u00e9s del Viceministerio de MYPE e Industria, vamos a apoyarlos en la forma de trabajo para que ustedes mismos generen sus propios ingresos y puedan ser sostenibles en el tiempo\u201d, coment\u00f3 el titular de Produce.<\/p>\n\n\n\n<p>Al respecto, el ministro de la Producci\u00f3n propuso que los centros de innovaci\u00f3n tecnol\u00f3gica, as\u00ed como los programas Sanipes y Fondepes, entre otros, est\u00e9n al alcance de los integrantes de las ollas comunes para que reciban capacitaci\u00f3n sobre el manejo de los productos y su posterior transformaci\u00f3n.&nbsp;<\/p>\n\n\n\n<p>Finalmente, tanto el Ministerio de la Producci\u00f3n como la red de Ollas Comunes acordaron promover un convenio marco que involucre el apoyo de los diversos programas de Produce al desarrollo de estos grupos civiles que se encargan de la alimentaci\u00f3n de miles de peruanas y peruanos.<\/p>\n\n\n\n<p>Nota de prensa Ministerio de la Producci\u00f3n<\/p>\n","protected":false},"excerpt":{"rendered":"<p>Frente a la crisis econ\u00f3mica por el alza de precios, el programa A Comer Pescado, del Ministerio de la Producci\u00f3n (Produce), apoyar\u00e1 con productos hidrobiol\u00f3gicos a bajo costo y cerca de sus casas a la red de Ollas Comunes de Lima Metropolitana, que alimenta cada d\u00eda a 255 mil personas. En reuni\u00f3n con responsables de [&hellip;]<\/p>\n","protected":false},"author":2,"featured_media":24786,"comment_status":"open","ping_status":"open","sticky":false,"template":"","format":"standard","meta":{"footnotes":""},"categories":[63],"tags":[],"class_list":["post-24779","post","type-post","status-publish","format-standard","has-post-thumbnail","hentry","category-noticias"],"_links":{"self":[{"href":"http:\/\/www.perupesquero.org\/web\/wp-json\/wp\/v2\/posts\/24779","targetHints":{"allow":["GET"]}}],"collection":[{"href":"http:\/\/www.perupesquero.org\/web\/wp-json\/wp\/v2\/posts"}],"about":[{"href":"http:\/\/www.perupesquero.org\/web\/wp-json\/wp\/v2\/types\/post"}],"author":[{"embeddable":true,"href":"http:\/\/www.perupesquero.org\/web\/wp-json\/wp\/v2\/users\/2"}],"replies":[{"embeddable":true,"href":"http:\/\/www.perupesquero.org\/web\/wp-json\/wp\/v2\/comments?post=24779"}],"version-history":[{"count":2,"href":"http:\/\/www.perupesquero.org\/web\/wp-json\/wp\/v2\/posts\/24779\/revisions"}],"predecessor-version":[{"id":24788,"href":"http:\/\/www.perupesquero.org\/web\/wp-json\/wp\/v2\/posts\/24779\/revisions\/24788"}],"wp:featuredmedia":[{"embeddable":true,"href":"http:\/\/www.perupesquero.org\/web\/wp-json\/wp\/v2\/media\/24786"}],"wp:attachment":[{"href":"http:\/\/www.perupesquero.org\/web\/wp-json\/wp\/v2\/media?parent=24779"}],"wp:term":[{"taxonomy":"category","embeddable":true,"href":"http:\/\/www.perupesquero.org\/web\/wp-json\/wp\/v2\/categories?post=24779"},{"taxonomy":"post_tag","embeddable":true,"href":"http:\/\/www.perupesquero.org\/web\/wp-json\/wp\/v2\/tags?post=24779"}],"curies":[{"name":"wp","href":"https:\/\/api.w.org\/{rel}","templated":true}]}}