{"id":2471,"date":"2014-11-12T17:44:40","date_gmt":"2014-11-12T22:44:40","guid":{"rendered":"http:\/\/www.perupesquero.org\/?p=2471"},"modified":"2014-11-12T17:44:40","modified_gmt":"2014-11-12T22:44:40","slug":"pesca-exploratoria-artesanal-confirma-presencia-de-peladilla","status":"publish","type":"post","link":"http:\/\/www.perupesquero.org\/web\/pesca-exploratoria-artesanal-confirma-presencia-de-peladilla\/","title":{"rendered":"Pesca Exploratoria artesanal confirma presencia de Peladilla"},"content":{"rendered":"<p style=\"text-align: justify;\">Solo faltar\u00eda que salga la flota exploratoria para la Pesca industrial el pr\u00f3ximo 19 y 20 de noviembre y de esta manera se confirmar\u00eda la veda total hasta abril del 2015 ya que la lanchas exploratorias que salieron para Consumo Humano Directo a partir del pasado 5 de noviembre ha determinado que m\u00e1s del 50 por ciento de la pesca es juvenil.<\/p>\n<p style=\"text-align: justify;\">Estos resultados fueron lo que le impulsan al dirigente de la central de Trabajadores del sector pesca Javier Castro Zavaleta, a mantenerse firme en su pedido de una veda general para recuperar la especie.<\/p>\n<p style=\"text-align: justify;\"><em>\u201cEstamos a punto de ser atendidos en el pedido y no porque lo digamos nosotros, sino por los resultados de la Eureka que solo confirmar\u00eda lo que estamos diciendo\u201d<\/em>, se\u00f1al\u00f3 Castro Zavaleta, quien dijo que los resultados finales se sabr\u00e1n los d\u00edas posteriores al 20 de noviembre cuando hayan regresado las 60 lanchas exploratorias con los resultados de la captura.<\/p>\n<p style=\"text-align: justify;\">Este tema fue abordado hace unos d\u00edas por el Dirigente representante de la Central con las bases de Chimbote, Ilo y Pisco adem\u00e1s de un representante de los Motoristas y de los jubilados que acudieron al despacho del Ministro de la Producci\u00f3n y dialogaron sobre la crisis pesquera que se est\u00e1 afrontando.<\/p>\n<p style=\"text-align: justify;\"><em>\u201cNosotros fuimos con nuestra propuesta donde se encuentran los cinco puntos prioritarios de los cuales el primer punto ya est\u00e1 pr\u00e1cticamente atendido que es la veda total solo depender\u00e1 de los resultados de la eureka para confirmar\u201d,<\/em> expres\u00f3 el Dirigente quien dijo que los otros puntos est\u00e1n relacionados con la emisi\u00f3n de un Decreto de urgencia para liberar al cien por ciento la CTS, adem\u00e1s que se le de atenci\u00f3n progresiva permanente a los pescadores porque tienen atenci\u00f3n solo al 31 de noviembre y despu\u00e9s ya no tendr\u00edan m\u00e1s atenci\u00f3n por falta de aporte.<\/p>\n<p style=\"text-align: justify;\">Esos dos temas mencionados ser\u00e1n tratados nuevamente para ver la forma como se emiten estos decretos y de qu\u00e9 manera se dar\u00eda continuidad de atenci\u00f3n medica.<\/p>\n<p style=\"text-align: justify;\"><strong>FUENTE:<\/strong> Diariodechimbote.com<\/p>\n","protected":false},"excerpt":{"rendered":"<p>Solo faltar\u00eda que salga la flota exploratoria para la Pesca industrial el pr\u00f3ximo 19 y 20 de noviembre y de esta manera se confirmar\u00eda la veda total hasta abril del 2015 ya que la lanchas exploratorias que salieron para Consumo Humano Directo a partir del pasado 5 de noviembre ha determinado que m\u00e1s del 50 [&hellip;]<\/p>\n","protected":false},"author":2,"featured_media":0,"comment_status":"open","ping_status":"open","sticky":false,"template":"","format":"standard","meta":{"footnotes":""},"categories":[78,63,67],"tags":[544,578,1352,1846],"class_list":["post-2471","post","type-post","status-publish","format-standard","hentry","category-nacionales","category-noticias","category-pesqueria","tag-consumo-humano-directo","tag-cts","tag-pesca","tag-veda"],"_links":{"self":[{"href":"http:\/\/www.perupesquero.org\/web\/wp-json\/wp\/v2\/posts\/2471","targetHints":{"allow":["GET"]}}],"collection":[{"href":"http:\/\/www.perupesquero.org\/web\/wp-json\/wp\/v2\/posts"}],"about":[{"href":"http:\/\/www.perupesquero.org\/web\/wp-json\/wp\/v2\/types\/post"}],"author":[{"embeddable":true,"href":"http:\/\/www.perupesquero.org\/web\/wp-json\/wp\/v2\/users\/2"}],"replies":[{"embeddable":true,"href":"http:\/\/www.perupesquero.org\/web\/wp-json\/wp\/v2\/comments?post=2471"}],"version-history":[{"count":0,"href":"http:\/\/www.perupesquero.org\/web\/wp-json\/wp\/v2\/posts\/2471\/revisions"}],"wp:attachment":[{"href":"http:\/\/www.perupesquero.org\/web\/wp-json\/wp\/v2\/media?parent=2471"}],"wp:term":[{"taxonomy":"category","embeddable":true,"href":"http:\/\/www.perupesquero.org\/web\/wp-json\/wp\/v2\/categories?post=2471"},{"taxonomy":"post_tag","embeddable":true,"href":"http:\/\/www.perupesquero.org\/web\/wp-json\/wp\/v2\/tags?post=2471"}],"curies":[{"name":"wp","href":"https:\/\/api.w.org\/{rel}","templated":true}]}}