{"id":24653,"date":"2022-03-26T15:59:47","date_gmt":"2022-03-26T20:59:47","guid":{"rendered":"http:\/\/www.perupesquero.org\/web\/?p=24653"},"modified":"2022-03-26T15:59:52","modified_gmt":"2022-03-26T20:59:52","slug":"maricultores-debe-declararse-de-interes-nacional-el-plan-integral-de-control-de-inundaciones","status":"publish","type":"post","link":"http:\/\/www.perupesquero.org\/web\/maricultores-debe-declararse-de-interes-nacional-el-plan-integral-de-control-de-inundaciones\/","title":{"rendered":"Maricultores: \u201cDebe declararse de inter\u00e9s nacional el plan integral de control de inundaciones&#8221;"},"content":{"rendered":"\n<p>El Consejo de Maricultores de la bah\u00eda de Sechura particip\u00f3 en la reuni\u00f3n informativa convocada por la Autoridad para la Reconstrucci\u00f3n con Cambios-ARCC donde se dieron a conocer los avances del Plan integral de control de inundaciones y el Plan maestro de drenaje pluvial de Piura, Castilla y Veintis\u00e9is de Octubre.<\/p>\n\n\n\n<p>Desde el Consejo de Maricultores siempre se ha defendido la posici\u00f3n de que el r\u00edo no debe ingresar al mar directamente a la Bah\u00eda de Sechura sino por la zona de Reventaz\u00f3n, debido a que los vol\u00famenes importantes que se registran cuando crece el r\u00edo Piura sobre todo en temporada de El Ni\u00f1o afectar\u00edan los cultivos de concha de abanico, los miles de puestos de trabajo, y el desastre ambiental y sanitario que genera.<\/p>\n\n\n\n<p>\u201cDespu\u00e9s de varias reuniones ya se viene llegando buenos t\u00e9rminos y esto se est\u00e1 contemplando en el plan de manejo. Lo siguiente es luchar para que se declare de inter\u00e9s nacional este proyecto para que se puedan ejecutar las obras manera inmediata y evitar nuevas inundaciones y afectaci\u00f3n en la bah\u00eda de Sechura\u201d, se\u00f1al\u00f3 el presidente del Consejo de Maricultores, Agust\u00edn Mat\u00edas Navarro.<\/p>\n\n\n\n<p>El Plan integral de control de inundaciones recoge el tema social, econ\u00f3mico y poblacional de la cuenca del R\u00edo Piura desde su origen hasta su desembocadura al mar.<\/p>\n\n\n\n<p>En el evento realizado en el local del Colegio de Ingenieros de Piura participaron tambi\u00e9n autoridades y representantes de instituciones p\u00fablicas privadas y stakeholders de la Cuenca del R\u00edo Piura.<\/p>\n","protected":false},"excerpt":{"rendered":"<p>El Consejo de Maricultores de la bah\u00eda de Sechura particip\u00f3 en la reuni\u00f3n informativa convocada por la Autoridad para la Reconstrucci\u00f3n con Cambios-ARCC donde se dieron a conocer los avances del Plan integral de control de inundaciones y el Plan maestro de drenaje pluvial de Piura, Castilla y Veintis\u00e9is de Octubre. Desde el Consejo de [&hellip;]<\/p>\n","protected":false},"author":2,"featured_media":24654,"comment_status":"open","ping_status":"open","sticky":false,"template":"","format":"standard","meta":{"footnotes":""},"categories":[63],"tags":[],"class_list":["post-24653","post","type-post","status-publish","format-standard","has-post-thumbnail","hentry","category-noticias"],"_links":{"self":[{"href":"http:\/\/www.perupesquero.org\/web\/wp-json\/wp\/v2\/posts\/24653","targetHints":{"allow":["GET"]}}],"collection":[{"href":"http:\/\/www.perupesquero.org\/web\/wp-json\/wp\/v2\/posts"}],"about":[{"href":"http:\/\/www.perupesquero.org\/web\/wp-json\/wp\/v2\/types\/post"}],"author":[{"embeddable":true,"href":"http:\/\/www.perupesquero.org\/web\/wp-json\/wp\/v2\/users\/2"}],"replies":[{"embeddable":true,"href":"http:\/\/www.perupesquero.org\/web\/wp-json\/wp\/v2\/comments?post=24653"}],"version-history":[{"count":1,"href":"http:\/\/www.perupesquero.org\/web\/wp-json\/wp\/v2\/posts\/24653\/revisions"}],"predecessor-version":[{"id":24655,"href":"http:\/\/www.perupesquero.org\/web\/wp-json\/wp\/v2\/posts\/24653\/revisions\/24655"}],"wp:featuredmedia":[{"embeddable":true,"href":"http:\/\/www.perupesquero.org\/web\/wp-json\/wp\/v2\/media\/24654"}],"wp:attachment":[{"href":"http:\/\/www.perupesquero.org\/web\/wp-json\/wp\/v2\/media?parent=24653"}],"wp:term":[{"taxonomy":"category","embeddable":true,"href":"http:\/\/www.perupesquero.org\/web\/wp-json\/wp\/v2\/categories?post=24653"},{"taxonomy":"post_tag","embeddable":true,"href":"http:\/\/www.perupesquero.org\/web\/wp-json\/wp\/v2\/tags?post=24653"}],"curies":[{"name":"wp","href":"https:\/\/api.w.org\/{rel}","templated":true}]}}