{"id":24568,"date":"2022-03-18T12:09:38","date_gmt":"2022-03-18T17:09:38","guid":{"rendered":"http:\/\/www.perupesquero.org\/web\/?p=24568"},"modified":"2022-03-18T12:09:45","modified_gmt":"2022-03-18T17:09:45","slug":"buque-miguel-oliver-inicia-campana-oceanografica-careva-para-estudio-de-las-poblaciones-de-caballa-y-jurel","status":"publish","type":"post","link":"http:\/\/www.perupesquero.org\/web\/buque-miguel-oliver-inicia-campana-oceanografica-careva-para-estudio-de-las-poblaciones-de-caballa-y-jurel\/","title":{"rendered":"Buque Miguel Oliver inicia campa\u00f1a oceanogr\u00e1fica CAREVA para estudio de las poblaciones de caballa y jurel"},"content":{"rendered":"\n<p>Esta campa\u00f1a es fundamental para la investigaci\u00f3n de las principales especies pel\u00e1gicas comerciales de inter\u00e9s para la flota espa\u00f1ola<\/p>\n\n\n\n<p>El buque oceanogr\u00e1fico \u201cMiguel Oliver\u201d, del Ministerio de Agricultura, Pesca y Alimentaci\u00f3n, ha iniciado hoy, desde el puerto de Vigo, la campa\u00f1a oceanogr\u00e1fica CAREVA 0322, que tiene como principal objetivo la estimaci\u00f3n de biomasa desovante de caballa y la producci\u00f3n de huevos de jurel, adem\u00e1s de recopilar diversa informaci\u00f3n a lo largo de la plataforma norte de la Pen\u00ednsula Ib\u00e9rica y el Golfo de Vizcaya.<\/p>\n\n\n\n<p>Durante la campa\u00f1a, que se prolongar\u00e1 hasta el pr\u00f3ximo 9 de abril, se realizar\u00e1n prospecciones ac\u00fasticas y pescas pel\u00e1gicas para obtener datos biol\u00f3gicos de hembras de caballa y jurel, adem\u00e1s de arrastres con redes de plancton para el estudio de huevos de las diferentes especies pel\u00e1gicas objetivo y larvas de bacaladilla.<\/p>\n\n\n\n<p>En esta campa\u00f1a se emplea el sistema de muestreo en continuo CUFES, que proporciona una estimaci\u00f3n en tiempo real de la abundancia volum\u00e9trica de los huevos de peces pel\u00e1gicos. Igualmente, en cada estaci\u00f3n de ictiolog\u00eda se obtendr\u00e1n datos de hidrograf\u00eda mediante la batisonda CTD (conductividad, temperatura y presi\u00f3n del agua marina), otros sensores para medir par\u00e1metros como la salinidad o el ox\u00edgeno disuelto, toma de muestras de agua a profundidad para el estudio de la columna de agua, as\u00ed como datos que proporcionan un mapa vertical de su composici\u00f3n qu\u00edmica y datos oceanogr\u00e1ficos en superficie.<\/p>\n\n\n\n<p>Una vez procesados los datos, la informaci\u00f3n ser\u00e1 empleada en grupos cient\u00edficos de evaluaci\u00f3n, de los que saldr\u00e1n estudios sobre el estado de los distintos stocks.<\/p>\n\n\n\n<p><strong>Campa\u00f1as CAREVA<\/strong><strong><\/strong><\/p>\n\n\n\n<p>Las campa\u00f1as CAREVA, destinadas al estudio de ictioplacton, huevos y larvas de peces, son fundamentales para la investigaci\u00f3n de las principales especies pel\u00e1gicas comerciales de inter\u00e9s para la flota espa\u00f1ola como el jurel, la bacaladilla o la caballa. Comenzaron a realizarse en los a\u00f1os ochenta y desde 1992 se llevan a cabo de forma trienal junto con la campa\u00f1a JUREVA. Ambas est\u00e1n coordinadas con la campa\u00f1a PELACUS, que se realiza a bordo del Buque Oceanogr\u00e1fico Miguel Oliver para el estudio de peque\u00f1os pel\u00e1gicos, y todas ellas permiten aportar informaci\u00f3n a los grupos de trabajo del CIEM (Consejo Internacional para la Exploraci\u00f3n del Mar).<\/p>\n\n\n\n<p>Dichas campa\u00f1as forman parte del Programa Nacional de Datos B\u00e1sicos del Sector Pesquero Espa\u00f1ol y de diferentes compromisos internacionales para la gesti\u00f3n sostenible de los recursos de nuestros mares. Con este fin, la Secretar\u00eda General de Pesca sigue invirtiendo esfuerzos desarrollando campa\u00f1as de investigaci\u00f3n pesquera y oceanogr\u00e1fica a bordo de sus buques.<\/p>\n\n\n\n<p><strong>Buque Miguel Oliver<\/strong><strong><\/strong><\/p>\n\n\n\n<p>Los buques Miguel Oliver\u201d, \u201cVizconde de Eza\u201d y \u201cEmma Bardan\u201d forman parte de la flota de investigaci\u00f3n oceanogr\u00e1fica de la Secretar\u00eda General de Pesca, dotados de equipamiento tecnol\u00f3gico de \u00faltima generaci\u00f3n en navegaci\u00f3n, as\u00ed como de un sofisticado equipamiento cient\u00edfico para la realizaci\u00f3n de un amplio abanico de estudios multidisciplinares.<\/p>\n\n\n\n<p>Nota de prensa Ministerio de Agricultura, Pesca y Alimentaci\u00f3n Espa\u00f1a<\/p>\n","protected":false},"excerpt":{"rendered":"<p>Esta campa\u00f1a es fundamental para la investigaci\u00f3n de las principales especies pel\u00e1gicas comerciales de inter\u00e9s para la flota espa\u00f1ola El buque oceanogr\u00e1fico \u201cMiguel Oliver\u201d, del Ministerio de Agricultura, Pesca y Alimentaci\u00f3n, ha iniciado hoy, desde el puerto de Vigo, la campa\u00f1a oceanogr\u00e1fica CAREVA 0322, que tiene como principal objetivo la estimaci\u00f3n de biomasa desovante de [&hellip;]<\/p>\n","protected":false},"author":2,"featured_media":24569,"comment_status":"open","ping_status":"open","sticky":false,"template":"","format":"standard","meta":{"footnotes":""},"categories":[63],"tags":[],"class_list":["post-24568","post","type-post","status-publish","format-standard","has-post-thumbnail","hentry","category-noticias"],"_links":{"self":[{"href":"http:\/\/www.perupesquero.org\/web\/wp-json\/wp\/v2\/posts\/24568","targetHints":{"allow":["GET"]}}],"collection":[{"href":"http:\/\/www.perupesquero.org\/web\/wp-json\/wp\/v2\/posts"}],"about":[{"href":"http:\/\/www.perupesquero.org\/web\/wp-json\/wp\/v2\/types\/post"}],"author":[{"embeddable":true,"href":"http:\/\/www.perupesquero.org\/web\/wp-json\/wp\/v2\/users\/2"}],"replies":[{"embeddable":true,"href":"http:\/\/www.perupesquero.org\/web\/wp-json\/wp\/v2\/comments?post=24568"}],"version-history":[{"count":2,"href":"http:\/\/www.perupesquero.org\/web\/wp-json\/wp\/v2\/posts\/24568\/revisions"}],"predecessor-version":[{"id":24571,"href":"http:\/\/www.perupesquero.org\/web\/wp-json\/wp\/v2\/posts\/24568\/revisions\/24571"}],"wp:featuredmedia":[{"embeddable":true,"href":"http:\/\/www.perupesquero.org\/web\/wp-json\/wp\/v2\/media\/24569"}],"wp:attachment":[{"href":"http:\/\/www.perupesquero.org\/web\/wp-json\/wp\/v2\/media?parent=24568"}],"wp:term":[{"taxonomy":"category","embeddable":true,"href":"http:\/\/www.perupesquero.org\/web\/wp-json\/wp\/v2\/categories?post=24568"},{"taxonomy":"post_tag","embeddable":true,"href":"http:\/\/www.perupesquero.org\/web\/wp-json\/wp\/v2\/tags?post=24568"}],"curies":[{"name":"wp","href":"https:\/\/api.w.org\/{rel}","templated":true}]}}