{"id":24564,"date":"2022-03-18T11:52:04","date_gmt":"2022-03-18T16:52:04","guid":{"rendered":"http:\/\/www.perupesquero.org\/web\/?p=24564"},"modified":"2022-03-18T11:52:05","modified_gmt":"2022-03-18T16:52:05","slug":"espana-y-12-paises-piden-medidas-a-bruselas-para-aliviar-alza-del-combustible-en-la-pesca","status":"publish","type":"post","link":"http:\/\/www.perupesquero.org\/web\/espana-y-12-paises-piden-medidas-a-bruselas-para-aliviar-alza-del-combustible-en-la-pesca\/","title":{"rendered":"Espa\u00f1a y 12 pa\u00edses piden medidas a Bruselas para aliviar alza del combustible en la pesca"},"content":{"rendered":"\n<p>Espa\u00f1a y otros doce pa\u00edses han pedido a la Comisi\u00f3n Europea medidas para aliviar la situaci\u00f3n de la flota pesquera, ya que parte de ella ha tenido que permanecer amarrada en puerto por la escalada de los costes de producci\u00f3n y especialmente por el alza de los combustibles.<\/p>\n\n\n\n<p>La petici\u00f3n remitida por Espa\u00f1a y respaldada por B\u00e9lgica, Bulgaria, Croacia, Chipre, Grecia, Italia, Irlanda, Letonia, Lituania, Portugal, Ruman\u00eda y Eslovenia, que se expondr\u00e1 al resto de socios en el Consejo de Agricultura y Pesca que tendr\u00e1 lugar el lunes, insta al Ejecutivo comunitario a examinar medidas para hacer frente a la situaci\u00f3n de la industria pesquera e incluye a la acuicultura y la industria transformadora.<\/p>\n\n\n\n<p>Los trece Estados miembros solicitan que se apliquen todas las medidas posibles, como ayudas directas o rebajas fiscales, en el marco del Fondo Mar\u00edtimo Europeo para la Pesca y recuerdan que este fondo fue modificado durante la crisis de precios de 2008 as\u00ed como parte de la respuesta a la pandemia.<\/p>\n\n\n\n<p>Si bien el fondo sirve para apoyar el sector pesquero no est\u00e1 destinado a sufragar costes operacionales, por lo que los pa\u00edses piden que se aplique una excepcionalidad por la situaci\u00f3n de crisis, dada la disrupci\u00f3n que puede generar una medida de este tipo en el mercado.<\/p>\n\n\n\n<p>La cuesti\u00f3n ser\u00e1 tratada durante el consejo de Agricultura y Pesca en presencia del comisario de Pesca, Oc\u00e9anos y Medio Ambiente, Virginijus Sinkevicius, aunque fuentes diplom\u00e1ticas apuntan que su respuesta formal a la petici\u00f3n podr\u00eda demorarse &#8220;semanas&#8221;.<\/p>\n\n\n\n<p>Los trece pa\u00edses han expuesto en la carta dirigida al Ejecutivo comunitario que el sector pesquero est\u00e1 experimentado un alza en los costes de producci\u00f3n por el aumento de los precios de las materias primas y la energ\u00eda, especialmente del combustible cuyo valor se ha disparado un 100% en los \u00faltimos meses, sin signos de que vaya a remitir.<\/p>\n\n\n\n<p>Esta situaci\u00f3n ha llevado a que la flota haya decidido permanecer amarrada en los puertos por la dificultad de mantener su actividad ante el aumento de los costes de producci\u00f3n, que ha minimizado el margen de beneficios. A su vez, esta situaci\u00f3n est\u00e1 generando problemas de abastecimiento en el sector alimentario, explican los pa\u00edses de la UE en la carta.<\/p>\n\n\n\n<p>Fuente: vozpopuli<\/p>\n","protected":false},"excerpt":{"rendered":"<p>Espa\u00f1a y otros doce pa\u00edses han pedido a la Comisi\u00f3n Europea medidas para aliviar la situaci\u00f3n de la flota pesquera, ya que parte de ella ha tenido que permanecer amarrada en puerto por la escalada de los costes de producci\u00f3n y especialmente por el alza de los combustibles. La petici\u00f3n remitida por Espa\u00f1a y respaldada [&hellip;]<\/p>\n","protected":false},"author":2,"featured_media":24565,"comment_status":"open","ping_status":"open","sticky":false,"template":"","format":"standard","meta":{"footnotes":""},"categories":[63],"tags":[],"class_list":["post-24564","post","type-post","status-publish","format-standard","has-post-thumbnail","hentry","category-noticias"],"_links":{"self":[{"href":"http:\/\/www.perupesquero.org\/web\/wp-json\/wp\/v2\/posts\/24564","targetHints":{"allow":["GET"]}}],"collection":[{"href":"http:\/\/www.perupesquero.org\/web\/wp-json\/wp\/v2\/posts"}],"about":[{"href":"http:\/\/www.perupesquero.org\/web\/wp-json\/wp\/v2\/types\/post"}],"author":[{"embeddable":true,"href":"http:\/\/www.perupesquero.org\/web\/wp-json\/wp\/v2\/users\/2"}],"replies":[{"embeddable":true,"href":"http:\/\/www.perupesquero.org\/web\/wp-json\/wp\/v2\/comments?post=24564"}],"version-history":[{"count":1,"href":"http:\/\/www.perupesquero.org\/web\/wp-json\/wp\/v2\/posts\/24564\/revisions"}],"predecessor-version":[{"id":24566,"href":"http:\/\/www.perupesquero.org\/web\/wp-json\/wp\/v2\/posts\/24564\/revisions\/24566"}],"wp:featuredmedia":[{"embeddable":true,"href":"http:\/\/www.perupesquero.org\/web\/wp-json\/wp\/v2\/media\/24565"}],"wp:attachment":[{"href":"http:\/\/www.perupesquero.org\/web\/wp-json\/wp\/v2\/media?parent=24564"}],"wp:term":[{"taxonomy":"category","embeddable":true,"href":"http:\/\/www.perupesquero.org\/web\/wp-json\/wp\/v2\/categories?post=24564"},{"taxonomy":"post_tag","embeddable":true,"href":"http:\/\/www.perupesquero.org\/web\/wp-json\/wp\/v2\/tags?post=24564"}],"curies":[{"name":"wp","href":"https:\/\/api.w.org\/{rel}","templated":true}]}}