{"id":24557,"date":"2022-03-18T11:37:32","date_gmt":"2022-03-18T16:37:32","guid":{"rendered":"http:\/\/www.perupesquero.org\/web\/?p=24557"},"modified":"2022-03-18T11:37:42","modified_gmt":"2022-03-18T16:37:42","slug":"peru-modernizara-estacion-cientifica-en-la-antartida-para-ampliar-investigaciones","status":"publish","type":"post","link":"http:\/\/www.perupesquero.org\/web\/peru-modernizara-estacion-cientifica-en-la-antartida-para-ampliar-investigaciones\/","title":{"rendered":"Per\u00fa modernizar\u00e1 estaci\u00f3n cient\u00edfica en la Ant\u00e1rtida para ampliar investigaciones"},"content":{"rendered":"\n<p>El canciller C\u00e9sar Landa inform\u00f3 este jueves que, despu\u00e9s de 33 a\u00f1os, el Per\u00fa ha iniciado un proceso de inversi\u00f3n para renovar y modernizar la estaci\u00f3n Machu Picchu en la Ant\u00e1rtida, dot\u00e1ndola de instalaciones capaces de realizar investigaciones de forma \u00f3ptima, de acuerdo con las necesidades actuales.<\/p>\n\n\n\n<p>Al clausurar la XXVIII Campa\u00f1a Cient\u00edfica del Per\u00fa a la Ant\u00e1rtida, a cargo del buque oceanogr\u00e1fico BAP Carrasco, el jefe de la diplomacia peruana dio a conocer que la Canciller\u00eda, con el apoyo del Centro Nacional de Planeamiento Estrat\u00e9gico (Ceplan), lidera el grupo multisectorial encargado de formular la nueva pol\u00edtica nacional ant\u00e1rtica.<\/p>\n\n\n\n<p>En ceremonia realizada en la Base Naval del Callao, manifest\u00f3 que esta pol\u00edtica estar\u00e1 orientado a fortalecer las acciones del Estado peruano, para incrementar el conocimiento del continente ant\u00e1rtico y sus repercusiones climatol\u00f3gicas en el Per\u00fa y el mundo, sobre la base de estudios con evidencia cient\u00edfica.<\/p>\n\n\n\n<p>Landa Arroyo salud\u00f3 y dio la bienvenida al trabajo de los expedicionarios integrantes del BAP Carrasco, que retornan a casa despu\u00e9s de m\u00e1s de 70 d\u00edas navegando y realizando investigaciones en ciencia y tecnolog\u00eda, en el marco de la campa\u00f1a Antar 28.<\/p>\n\n\n\n<p>\u201cLa Antar 28 reviste especial significancia porque luego de un par\u00e9ntesis impuesto por la pandemia de la Covid-19, el Per\u00fa reafirma su presencia en el continente blanco con un destacado grupo de 11 cient\u00edficos correspondiente a cuatro instituciones de investigaci\u00f3n nacionales y dos internacionales, que han realizado importantes proyectos de investigaci\u00f3n y desarrollo cient\u00edfico\u201d, manifest\u00f3 en su discurso.<\/p>\n\n\n\n<p>Tras reiterar el compromiso del estado de profundizar las investigaciones en el llamado continente blanco, coment\u00f3 que Per\u00fa, como pa\u00eds diverso y particularmente vulnerable al cambio clim\u00e1tico, el calentamiento global, los deshielos, o las sequ\u00edas, es indispensable promover la ciencia y trabajar por la conservaci\u00f3n de ese continente.<\/p>\n\n\n\n<p>En ese sentido, refiri\u00f3 que es importante mantener a la Ant\u00e1rtica como una reserva natural, consagrada a la paz y la ciencia, \u201cpues son pocos lugares del mundo, donde nunca ha existido guerras, donde el medio ambiente est\u00e1 fuertemente protegido, y donde la investigaci\u00f3n cient\u00edfica tiene prioridad\u201d.<\/p>\n\n\n\n<p>Fuente: Andina<\/p>\n","protected":false},"excerpt":{"rendered":"<p>El canciller C\u00e9sar Landa inform\u00f3 este jueves que, despu\u00e9s de 33 a\u00f1os, el Per\u00fa ha iniciado un proceso de inversi\u00f3n para renovar y modernizar la estaci\u00f3n Machu Picchu en la Ant\u00e1rtida, dot\u00e1ndola de instalaciones capaces de realizar investigaciones de forma \u00f3ptima, de acuerdo con las necesidades actuales. Al clausurar la XXVIII Campa\u00f1a Cient\u00edfica del Per\u00fa [&hellip;]<\/p>\n","protected":false},"author":2,"featured_media":24558,"comment_status":"open","ping_status":"open","sticky":false,"template":"","format":"standard","meta":{"footnotes":""},"categories":[63],"tags":[],"class_list":["post-24557","post","type-post","status-publish","format-standard","has-post-thumbnail","hentry","category-noticias"],"_links":{"self":[{"href":"http:\/\/www.perupesquero.org\/web\/wp-json\/wp\/v2\/posts\/24557","targetHints":{"allow":["GET"]}}],"collection":[{"href":"http:\/\/www.perupesquero.org\/web\/wp-json\/wp\/v2\/posts"}],"about":[{"href":"http:\/\/www.perupesquero.org\/web\/wp-json\/wp\/v2\/types\/post"}],"author":[{"embeddable":true,"href":"http:\/\/www.perupesquero.org\/web\/wp-json\/wp\/v2\/users\/2"}],"replies":[{"embeddable":true,"href":"http:\/\/www.perupesquero.org\/web\/wp-json\/wp\/v2\/comments?post=24557"}],"version-history":[{"count":2,"href":"http:\/\/www.perupesquero.org\/web\/wp-json\/wp\/v2\/posts\/24557\/revisions"}],"predecessor-version":[{"id":24560,"href":"http:\/\/www.perupesquero.org\/web\/wp-json\/wp\/v2\/posts\/24557\/revisions\/24560"}],"wp:featuredmedia":[{"embeddable":true,"href":"http:\/\/www.perupesquero.org\/web\/wp-json\/wp\/v2\/media\/24558"}],"wp:attachment":[{"href":"http:\/\/www.perupesquero.org\/web\/wp-json\/wp\/v2\/media?parent=24557"}],"wp:term":[{"taxonomy":"category","embeddable":true,"href":"http:\/\/www.perupesquero.org\/web\/wp-json\/wp\/v2\/categories?post=24557"},{"taxonomy":"post_tag","embeddable":true,"href":"http:\/\/www.perupesquero.org\/web\/wp-json\/wp\/v2\/tags?post=24557"}],"curies":[{"name":"wp","href":"https:\/\/api.w.org\/{rel}","templated":true}]}}