{"id":24553,"date":"2022-03-17T12:50:53","date_gmt":"2022-03-17T17:50:53","guid":{"rendered":"http:\/\/www.perupesquero.org\/web\/?p=24553"},"modified":"2022-03-17T12:50:54","modified_gmt":"2022-03-17T17:50:54","slug":"presiones-remesen-las-negociaciones-del-historico-y-trascendental-tratado-de-alta-mar","status":"publish","type":"post","link":"http:\/\/www.perupesquero.org\/web\/presiones-remesen-las-negociaciones-del-historico-y-trascendental-tratado-de-alta-mar\/","title":{"rendered":"Presiones remesen las negociaciones del hist\u00f3rico y trascendental Tratado de Alta Mar"},"content":{"rendered":"\n<p><strong><em>Hasta el 18 de marzo el planeta se juega la posibilidad de llegar a un acuerdo y poner reglas a las actividades en aguas internacionales, es decir, las extensas superficies de oc\u00e9ano existentes que quedan fuera de las aguas jurisdiccionales de todos los pa\u00edses del mundo.<\/em><\/strong><\/p>\n\n\n\n<p><strong>Existen grandes brechas en las negociaciones sobre el Tratado de Alta Mar que se est\u00e1n llevando a cabo en Nueva York<\/strong>.<\/p>\n\n\n\n<p>Entre ellas se cuenta la magnitud de los informes de impacto ambiental frente a acciones como la anunciada por Jap\u00f3n.<\/p>\n\n\n\n<p>Eso porque Tokio pretende verter al oc\u00e9ano Pac\u00edfico 1,29 millones de metros c\u00fabicos de agua radiactiva de Fukushima.<\/p>\n\n\n\n<p>Aunque las negociaciones \u201cest\u00e1n progresando\u201d hay que superar varios puntos, se\u00f1al\u00f3 la experta en el tema de alta mar de la organizaci\u00f3n Pew Charitable Trusts de Estados Unidos, Liz Karan, y directora del proyecto&nbsp;<a href=\"https:\/\/www.pewtrusts.org\/projects\/protecting-ocean-life-on-the-high-seas\"><em>Protecting Ocean Life on the High Seas<\/em><\/a>&nbsp;(Protecci\u00f3n de la vida marina en alta mar).<\/p>\n\n\n\n<p>En principio, marzo de 2022 es la fecha prevista para que los pa\u00edses integrados en Naciones Unidas presenten el Tratado de Alta Mar.<\/p>\n\n\n\n<p>En concreto, las tratativas partieron el 7 de marzo y se supone que deben terminar el viernes 18.<\/p>\n\n\n\n<p>La idea detr\u00e1s de este es proteger la biodiversidad en aguas internacionales, es decir m\u00e1s all\u00e1 de las jurisdicciones nacionales marinas.<\/p>\n\n\n\n<p><strong>\u00bfLa raz\u00f3n? Establecer normas de protecci\u00f3n frente actividades como la pesca, la miner\u00eda marina, el transporte de mercanc\u00edas, la contaminaci\u00f3n o la investigaci\u00f3n<\/strong>.<\/p>\n\n\n\n<p>Karan asegura que a pesar que las negociaciones van lentas \u201ctodo es posible\u201d, aunque ve dif\u00edcil culminar en quince d\u00edas una negociaci\u00f3n tan amplia sobre todos los factores que confluyen en la protecci\u00f3n del fondo marino fuera de la jurisdicci\u00f3n nacional (BBJN, por sus siglas en ingl\u00e9s) y que lleva mucho tiempo \u2013 m\u00e1s de 15 a\u00f1os \u2013 sobre la mesa.<\/p>\n\n\n\n<p><strong>Despu\u00e9s de dos a\u00f1os de retraso debido a la pandemia, las organizaciones y representantes de la sociedad civil solo pueden seguir las conversaciones v\u00eda telem\u00e1tica<\/strong>.<\/p>\n\n\n\n<p>Jap\u00f3n e idea de verter al mar 1,29 millones de metros c\u00fabicos de agua radiactiva de Fukushima<\/p>\n\n\n\n<p>Adem\u00e1s, existen intereses y presiones de varios sectores que intentan obtener el m\u00e1ximo provecho en las negociaciones.<\/p>\n\n\n\n<p>Los informes de impacto ambiental sobre diferentes actividades o acciones que puedan afectar la vida marina es uno de los puntos m\u00e1s candentes para los negociadores.<\/p>\n\n\n\n<p>Estos buscan la actualizaci\u00f3n de la Convenci\u00f3n del Mar de Naciones Unidas de 1994.<\/p>\n\n\n\n<p>Un buen ejemplo de ello, seg\u00fan Karan, es el&nbsp;anuncio hecho por Jap\u00f3n&nbsp;de verter 1,29 millones de metros c\u00fabicos de agua radiactiva de la central nuclear de Fukushima, que sufri\u00f3 un accidente el 11 de marzo de 2011 tras un tsunami.<\/p>\n\n\n\n<p>Este anuncio de las autoridades japonesas para 2023 tiene la oposici\u00f3n de los pescadores locales.<\/p>\n\n\n\n<p>En concreto, ahora temen el cese definitivo de su ya mermada actividad por la contaminaci\u00f3n de agua radiactiva, adem\u00e1s del&nbsp;rechazo expresado por pa\u00edses vecinos como China y Corea del Sur.<\/p>\n\n\n\n<p>Contaminaci\u00f3n del Mediterr\u00e1neo<\/p>\n\n\n\n<p>Esta misma semana un estudio revel\u00f3 que&nbsp;Espa\u00f1a se posiciona por encima de la media en la contaminaci\u00f3n qu\u00edmica&nbsp;que env\u00eda al Mar Mediterr\u00e1neo.<\/p>\n\n\n\n<p>Los datos emanan de la expedici\u00f3n \u201cOceanScientific Contaminantes del Mediterr\u00e1neo 2020\u201d, que analiza la densidad de los compuestos qu\u00edmicos y org\u00e1nicos que contaminan el medio marino.<\/p>\n\n\n\n<p>La expedici\u00f3n, dirigida por el franc\u00e9s Yvan Griboval, recogi\u00f3 un total de nueve muestras en un espacio de unas 1.000 millas na\u00faticas.<\/p>\n\n\n\n<p>Aquello comprende un espacio desde M\u00f3naco hasta la desembocadura del T\u00edber en Italia, Porto Cervo en Cerde\u00f1a, Barcelona con Matar\u00f3 en Espa\u00f1a, y La Seyne-sur-Mer, en Francia.<\/p>\n\n\n\n<p>Las muestras encontraron contaminantes como bifenilos policlorados (PCBs), hidrocarburos arom\u00e1ticos polic\u00edclicos (PAHs) o tributiltinas (TBTs).<\/p>\n\n\n\n<p>\u00bfY Ucrania?<\/p>\n\n\n\n<p>Sobre la contaminaci\u00f3n que producir\u00e1 el conflicto en Ucrania, la representante de Pew Charitable Trusts explica que&nbsp;llevar\u00e1 un tiempo conocer cu\u00e1les ser\u00e1n las repercusiones&nbsp;sobre el oc\u00e9ano y el medio ambiente.<\/p>\n\n\n\n<p>Sin embargo, a pesar de la crisis humanitaria, este conflicto ha demostrado que \u201cel multilateralismo no est\u00e1 muerto\u201d y que los pa\u00edses pueden unirse para una acci\u00f3n r\u00e1pida y decisiva.<\/p>\n\n\n\n<p>Esto podr\u00eda demostrar que \u201ccon un efecto domin\u00f3 y esp\u00edritu de cooperaci\u00f3n y acci\u00f3n urgente se puede actuar frente a la crisis clim\u00e1tica o del oc\u00e9ano\u201d, indic\u00f3.<\/p>\n\n\n\n<p>La pesca y el Tratado de Alta Mar<\/p>\n\n\n\n<p>La presi\u00f3n de la pesca y los pa\u00edses que la ejercen para quedar fuera de la influencia de este tratado \u201ces limitada\u201d, seg\u00fan Karan.<\/p>\n\n\n\n<p>La representante record\u00f3 que m\u00e1s del 80% de las capturas en todo el mundo las realizan cinco pa\u00edses: China, Jap\u00f3n, Corea del Sur, Taiw\u00e1n y Espa\u00f1a.<\/p>\n\n\n\n<p>No obstante, la experta destac\u00f3 que algunas experiencias demuestran que limitar la captura temporal en el oc\u00e9ano revierte en posteriores beneficios en la recuperaci\u00f3n de la biodiversidad y en los propios pescadores y armadores.<\/p>\n\n\n\n<p>El Tratado de protecci\u00f3n de Alta Mar busca adem\u00e1s determinar el impacto ambiental y sobre la biodiversidad del transporte de mercanc\u00edas que ha \u201caumentado en las dos \u00faltimas d\u00e9cadas\u201d, actividad para la que se \u201cestudia un impuesto\u201d.<\/p>\n\n\n\n<p>\u201cEl oc\u00e9ano nos da el aliento que tomamos cada segundo, pero tambi\u00e9n garantiza la vida marina y en la tierra\u201d, asegur\u00f3 Karan, que subray\u00f3 la acci\u00f3n de los gobernantes que apuestan por la conservaci\u00f3n del oc\u00e9ano, como el compromiso de 40 pa\u00edses en Brest (Francia) en febrero pasado, el de UNEA5 en Nairobi contra la contaminaci\u00f3n de los pl\u00e1sticos y las dos pr\u00f3ximas citas, la primera en abril en Palaos (Ocean\u00eda) y en Lisboa en junio pr\u00f3ximo.<\/p>\n\n\n\n<p>Fuente: EFE<\/p>\n","protected":false},"excerpt":{"rendered":"<p>Hasta el 18 de marzo el planeta se juega la posibilidad de llegar a un acuerdo y poner reglas a las actividades en aguas internacionales, es decir, las extensas superficies de oc\u00e9ano existentes que quedan fuera de las aguas jurisdiccionales de todos los pa\u00edses del mundo. Existen grandes brechas en las negociaciones sobre el Tratado [&hellip;]<\/p>\n","protected":false},"author":2,"featured_media":24554,"comment_status":"open","ping_status":"open","sticky":false,"template":"","format":"standard","meta":{"footnotes":""},"categories":[63],"tags":[],"class_list":["post-24553","post","type-post","status-publish","format-standard","has-post-thumbnail","hentry","category-noticias"],"_links":{"self":[{"href":"http:\/\/www.perupesquero.org\/web\/wp-json\/wp\/v2\/posts\/24553","targetHints":{"allow":["GET"]}}],"collection":[{"href":"http:\/\/www.perupesquero.org\/web\/wp-json\/wp\/v2\/posts"}],"about":[{"href":"http:\/\/www.perupesquero.org\/web\/wp-json\/wp\/v2\/types\/post"}],"author":[{"embeddable":true,"href":"http:\/\/www.perupesquero.org\/web\/wp-json\/wp\/v2\/users\/2"}],"replies":[{"embeddable":true,"href":"http:\/\/www.perupesquero.org\/web\/wp-json\/wp\/v2\/comments?post=24553"}],"version-history":[{"count":2,"href":"http:\/\/www.perupesquero.org\/web\/wp-json\/wp\/v2\/posts\/24553\/revisions"}],"predecessor-version":[{"id":24556,"href":"http:\/\/www.perupesquero.org\/web\/wp-json\/wp\/v2\/posts\/24553\/revisions\/24556"}],"wp:featuredmedia":[{"embeddable":true,"href":"http:\/\/www.perupesquero.org\/web\/wp-json\/wp\/v2\/media\/24554"}],"wp:attachment":[{"href":"http:\/\/www.perupesquero.org\/web\/wp-json\/wp\/v2\/media?parent=24553"}],"wp:term":[{"taxonomy":"category","embeddable":true,"href":"http:\/\/www.perupesquero.org\/web\/wp-json\/wp\/v2\/categories?post=24553"},{"taxonomy":"post_tag","embeddable":true,"href":"http:\/\/www.perupesquero.org\/web\/wp-json\/wp\/v2\/tags?post=24553"}],"curies":[{"name":"wp","href":"https:\/\/api.w.org\/{rel}","templated":true}]}}