{"id":24540,"date":"2022-03-16T16:47:24","date_gmt":"2022-03-16T21:47:24","guid":{"rendered":"http:\/\/www.perupesquero.org\/web\/?p=24540"},"modified":"2022-03-16T16:52:39","modified_gmt":"2022-03-16T21:52:39","slug":"tsunami-por-terremoto-en-japon-se-propaga-en-el-pacifico-alcanzaria-peru-y-chile","status":"publish","type":"post","link":"http:\/\/www.perupesquero.org\/web\/tsunami-por-terremoto-en-japon-se-propaga-en-el-pacifico-alcanzaria-peru-y-chile\/","title":{"rendered":"Tsunami por terremoto en Jap\u00f3n se propaga en el Pacifico alcanzar\u00eda Per\u00fa y Chile"},"content":{"rendered":"\n<p>El sismo de magnitud 7.3 que se registr\u00f3 a las 23 y 36 (hora de Jap\u00f3n) del 16 marzo frente Fukushima, podr\u00eda generar riesgos en la costa del Per\u00fa y es que, se vendr\u00eda propagando a lo largo del Oc\u00e9ano Pacifico en forma de maretazos, tal como sucedi\u00f3 el pasado d\u00eda 15 de enero, tristemente recordado por el derrame de petr\u00f3leo en el mar de Ventanilla.<\/p>\n\n\n\n<p><strong>Es importante saber que, una vez iniciado un Tsunami este se propaga en forma radial hasta alcanzar todas las costas circundantes del Oc\u00e9ano Pacifico<\/strong>.<\/p>\n\n\n\n<p>En tanto, la Direcci\u00f3n de Hidrograf\u00eda y Navegaci\u00f3n (DHN) de la Marina de Guerra del Per\u00fa, inform\u00f3 que este movimiento tel\u00farico que remeci\u00f3 Jap\u00f3n, no genera Tsunami en el litoral peruano; lo cual es cierto, ya que se ha generado al otro lado del Oc\u00e9ano Pacifico, frente a la ciudad de Fukushima y actualmente se viene propagando, hacia las costas de norte y sudam\u00e9rica.<\/p>\n\n\n\n<p>PERUPESQUERO consult\u00f3 con el Dr. Luis Icochea, director del departamento de manejo pesquero y medio ambiente de la Universidad Nacional Agraria La molina, quien sostuvo que el Tsunami llegar\u00e1 de todas maneras a la costa del Per\u00fa, posiblemente en forma de maretazos. Primero, sus efectos se ver\u00edan en la zona norte y luego se propagar\u00eda al sur, hasta alcanzar las costas chilenas.<\/p>\n\n\n\n<p>Dijo, que cuando lleguen las olas originada por el Tsunami a los diferentes puertos, sus efectos pueden ser m\u00e1s da\u00f1inos s\u00ed arriban durante la marea alta, por lo cual, recomend\u00f3 tomar las precauciones del caso. Asegur\u00f3, que de acuerdo a la velocidad promedio de un Tsunami, como el iniciado, hoy a las 9.36 am (hora de Per\u00fa) este arribar\u00eda al mar peruano a partir de la media noche o en la madrugada del 17 de marzo.<\/p>\n\n\n\n<p>Finalmente, Icochea sugiri\u00f3 a REPSOL evitar realizar labores de descargas de petr\u00f3leo, asimismo a los pescadores y ciudadanos que viven cerca de las zonas costeras no exponerse ante este peligro. \u00a0<\/p>\n","protected":false},"excerpt":{"rendered":"<p>El sismo de magnitud 7.3 que se registr\u00f3 a las 23 y 36 (hora de Jap\u00f3n) del 16 marzo frente Fukushima, podr\u00eda generar riesgos en la costa del Per\u00fa y es que, se vendr\u00eda propagando a lo largo del Oc\u00e9ano Pacifico en forma de maretazos, tal como sucedi\u00f3 el pasado d\u00eda 15 de enero, tristemente [&hellip;]<\/p>\n","protected":false},"author":2,"featured_media":24541,"comment_status":"open","ping_status":"open","sticky":false,"template":"","format":"standard","meta":{"footnotes":""},"categories":[63],"tags":[],"class_list":["post-24540","post","type-post","status-publish","format-standard","has-post-thumbnail","hentry","category-noticias"],"_links":{"self":[{"href":"http:\/\/www.perupesquero.org\/web\/wp-json\/wp\/v2\/posts\/24540","targetHints":{"allow":["GET"]}}],"collection":[{"href":"http:\/\/www.perupesquero.org\/web\/wp-json\/wp\/v2\/posts"}],"about":[{"href":"http:\/\/www.perupesquero.org\/web\/wp-json\/wp\/v2\/types\/post"}],"author":[{"embeddable":true,"href":"http:\/\/www.perupesquero.org\/web\/wp-json\/wp\/v2\/users\/2"}],"replies":[{"embeddable":true,"href":"http:\/\/www.perupesquero.org\/web\/wp-json\/wp\/v2\/comments?post=24540"}],"version-history":[{"count":2,"href":"http:\/\/www.perupesquero.org\/web\/wp-json\/wp\/v2\/posts\/24540\/revisions"}],"predecessor-version":[{"id":24544,"href":"http:\/\/www.perupesquero.org\/web\/wp-json\/wp\/v2\/posts\/24540\/revisions\/24544"}],"wp:featuredmedia":[{"embeddable":true,"href":"http:\/\/www.perupesquero.org\/web\/wp-json\/wp\/v2\/media\/24541"}],"wp:attachment":[{"href":"http:\/\/www.perupesquero.org\/web\/wp-json\/wp\/v2\/media?parent=24540"}],"wp:term":[{"taxonomy":"category","embeddable":true,"href":"http:\/\/www.perupesquero.org\/web\/wp-json\/wp\/v2\/categories?post=24540"},{"taxonomy":"post_tag","embeddable":true,"href":"http:\/\/www.perupesquero.org\/web\/wp-json\/wp\/v2\/tags?post=24540"}],"curies":[{"name":"wp","href":"https:\/\/api.w.org\/{rel}","templated":true}]}}